{"id":383,"date":"2022-10-18T17:21:13","date_gmt":"2022-10-18T15:21:13","guid":{"rendered":"http:\/\/grenierdecourbevoie.fr\/?p=383"},"modified":"2022-10-18T17:21:14","modified_gmt":"2022-10-18T15:21:14","slug":"rendez-vous-ailleurs","status":"publish","type":"post","link":"https:\/\/grenierdecourbevoie.fr\/index.php\/2022\/10\/18\/rendez-vous-ailleurs\/","title":{"rendered":"Rendez-vous ailleurs"},"content":{"rendered":"\n<p class=\"wp-block-paragraph\">L\u2019histoire que j\u2019entends tr\u00e8s souvent dans ma famille est celle de la rencontre de mes grand-parents paternels. Ils se sont rencontr\u00e9s \u00e0 l\u2019\u00e2ge de 18 ans en Autriche alors qu\u2019ils n\u2019\u00e9taient pas partis ensemble (puisqu\u2019ils ne se connaissaient pas\u00a0!).<\/p>\n\n\n\n<p class=\"wp-block-paragraph\">Ils voyageaient tous les deux avec leur famille, ma grand-m\u00e8re avec son fr\u00e8re et mon grand-p\u00e8re avec son p\u00e8re et son fr\u00e8re. Apr\u00e8s avoir fait connaissance, mon grand-p\u00e8re s\u2019est rendu compte qu\u2019ils habitaient en fait tous les deux en France \u00e0 m\u00eame pas 20 minutes l\u2019un de chez l\u2019autre. Au d\u00e9but, ma grand-m\u00e8re ne crut pas mon grand-p\u00e8re, elle pensait qu\u2019il lui racontait des histoires. Finalement lorsqu\u2019ils sont rentr\u00e9s en France, elle a pu v\u00e9rifier que c\u2019\u00e9tait bien vrai.<\/p>\n","protected":false},"excerpt":{"rendered":"<p>L\u2019histoire que j\u2019entends tr\u00e8s souvent dans ma famille est celle de la rencontre de mes grand-parents paternels. Ils se sont rencontr\u00e9s \u00e0 l\u2019\u00e2ge de 18 ans en Autriche alors qu\u2019ils n\u2019\u00e9taient pas partis ensemble&#46;&#46;&#46;<\/p>\n","protected":false},"author":1,"featured_media":0,"comment_status":"closed","ping_status":"closed","sticky":false,"template":"","format":"standard","meta":{"_crdt_document":"","footnotes":""},"categories":[6],"tags":[269,546],"class_list":["post-383","post","type-post","status-publish","format-standard","hentry","category-amour","tag-autriche","tag-coincidence"],"jetpack_featured_media_url":"","_links":{"self":[{"href":"https:\/\/grenierdecourbevoie.fr\/index.php\/wp-json\/wp\/v2\/posts\/383","targetHints":{"allow":["GET"]}}],"collection":[{"href":"https:\/\/grenierdecourbevoie.fr\/index.php\/wp-json\/wp\/v2\/posts"}],"about":[{"href":"https:\/\/grenierdecourbevoie.fr\/index.php\/wp-json\/wp\/v2\/types\/post"}],"author":[{"embeddable":true,"href":"https:\/\/grenierdecourbevoie.fr\/index.php\/wp-json\/wp\/v2\/users\/1"}],"replies":[{"embeddable":true,"href":"https:\/\/grenierdecourbevoie.fr\/index.php\/wp-json\/wp\/v2\/comments?post=383"}],"version-history":[{"count":1,"href":"https:\/\/grenierdecourbevoie.fr\/index.php\/wp-json\/wp\/v2\/posts\/383\/revisions"}],"predecessor-version":[{"id":384,"href":"https:\/\/grenierdecourbevoie.fr\/index.php\/wp-json\/wp\/v2\/posts\/383\/revisions\/384"}],"wp:attachment":[{"href":"https:\/\/grenierdecourbevoie.fr\/index.php\/wp-json\/wp\/v2\/media?parent=383"}],"wp:term":[{"taxonomy":"category","embeddable":true,"href":"https:\/\/grenierdecourbevoie.fr\/index.php\/wp-json\/wp\/v2\/categories?post=383"},{"taxonomy":"post_tag","embeddable":true,"href":"https:\/\/grenierdecourbevoie.fr\/index.php\/wp-json\/wp\/v2\/tags?post=383"}],"curies":[{"name":"wp","href":"https:\/\/api.w.org\/{rel}","templated":true}]}}