{"id":393,"date":"2022-10-18T17:31:14","date_gmt":"2022-10-18T15:31:14","guid":{"rendered":"http:\/\/grenierdecourbevoie.fr\/?p=393"},"modified":"2022-10-18T17:31:14","modified_gmt":"2022-10-18T15:31:14","slug":"les-glorieux-ancetres","status":"publish","type":"post","link":"https:\/\/grenierdecourbevoie.fr\/index.php\/2022\/10\/18\/les-glorieux-ancetres\/","title":{"rendered":"Les glorieux anc\u00eatres"},"content":{"rendered":"\n<p class=\"wp-block-paragraph\">Dans ma famille, l\u2019histoire la plus connue est celle des fr\u00e8res Lucien et Antoine. Ils \u00e9taient respectivement mon arri\u00e8re-arri\u00e8re-grand-oncle et mon arri\u00e8re-arri\u00e8re-grand-p\u00e8re.<\/p>\n\n\n\n<p class=\"wp-block-paragraph\">Lucien a particip\u00e9 \u00e0 la cr\u00e9ation du journal L\u2019Humanit\u00e9 avec Jean Jaur\u00e8s. Pendant l\u2019affaire Dreyfus, pour protester, il a d\u00e9clench\u00e9 la gr\u00e8ve \u00e0 Normale Sup o\u00f9 il \u00e9tait biblioth\u00e9caire. Il s\u2019est mari\u00e9 \u00e0 une dame suisse qui posait pour les billets de banque de son pays.<\/p>\n\n\n\n<p class=\"wp-block-paragraph\">Antoine \u00e9tait un docteur qui a beaucoup voyag\u00e9 durant sa vie. Sa malle de voyage a longtemps \u00e9t\u00e9 dans la maison de mes grands-parents. Son portrait est expos\u00e9 dans les escaliers de la m\u00eame maison, c\u2019est pourquoi il est souvent nomm\u00e9 \u201cLe grand-p\u00e8re de l\u2019escalier\u201d.<\/p>\n\n\n\n<p class=\"wp-block-paragraph\">Ces deux hommes sont appel\u00e9s Lulu et Tony par les membres de ma famille.<\/p>\n","protected":false},"excerpt":{"rendered":"<p>Dans ma famille, l\u2019histoire la plus connue est celle des fr\u00e8res Lucien et Antoine. Ils \u00e9taient respectivement mon arri\u00e8re-arri\u00e8re-grand-oncle et mon arri\u00e8re-arri\u00e8re-grand-p\u00e8re. Lucien a particip\u00e9 \u00e0 la cr\u00e9ation du journal L\u2019Humanit\u00e9 avec Jean Jaur\u00e8s.&#46;&#46;&#46;<\/p>\n","protected":false},"author":1,"featured_media":0,"comment_status":"closed","ping_status":"closed","sticky":false,"template":"","format":"standard","meta":{"_crdt_document":"","footnotes":""},"categories":[6,1,13],"tags":[559,61,558,557,121],"class_list":["post-393","post","type-post","status-publish","format-standard","hentry","category-amour","category-non-classe","category-traditions-et-legendes","tag-billet-de-banque","tag-dreyfus","tag-jaures","tag-jean","tag-suisse"],"jetpack_featured_media_url":"","_links":{"self":[{"href":"https:\/\/grenierdecourbevoie.fr\/index.php\/wp-json\/wp\/v2\/posts\/393","targetHints":{"allow":["GET"]}}],"collection":[{"href":"https:\/\/grenierdecourbevoie.fr\/index.php\/wp-json\/wp\/v2\/posts"}],"about":[{"href":"https:\/\/grenierdecourbevoie.fr\/index.php\/wp-json\/wp\/v2\/types\/post"}],"author":[{"embeddable":true,"href":"https:\/\/grenierdecourbevoie.fr\/index.php\/wp-json\/wp\/v2\/users\/1"}],"replies":[{"embeddable":true,"href":"https:\/\/grenierdecourbevoie.fr\/index.php\/wp-json\/wp\/v2\/comments?post=393"}],"version-history":[{"count":1,"href":"https:\/\/grenierdecourbevoie.fr\/index.php\/wp-json\/wp\/v2\/posts\/393\/revisions"}],"predecessor-version":[{"id":394,"href":"https:\/\/grenierdecourbevoie.fr\/index.php\/wp-json\/wp\/v2\/posts\/393\/revisions\/394"}],"wp:attachment":[{"href":"https:\/\/grenierdecourbevoie.fr\/index.php\/wp-json\/wp\/v2\/media?parent=393"}],"wp:term":[{"taxonomy":"category","embeddable":true,"href":"https:\/\/grenierdecourbevoie.fr\/index.php\/wp-json\/wp\/v2\/categories?post=393"},{"taxonomy":"post_tag","embeddable":true,"href":"https:\/\/grenierdecourbevoie.fr\/index.php\/wp-json\/wp\/v2\/tags?post=393"}],"curies":[{"name":"wp","href":"https:\/\/api.w.org\/{rel}","templated":true}]}}