{"id":459,"date":"2022-10-21T09:29:56","date_gmt":"2022-10-21T07:29:56","guid":{"rendered":"http:\/\/grenierdecourbevoie.fr\/?p=459"},"modified":"2022-10-21T09:29:56","modified_gmt":"2022-10-21T07:29:56","slug":"la-blessure","status":"publish","type":"post","link":"https:\/\/grenierdecourbevoie.fr\/index.php\/2022\/10\/21\/la-blessure\/","title":{"rendered":"La blessure"},"content":{"rendered":"\n<p class=\"wp-block-paragraph\">Mon arri\u00e8re-grand-p\u00e8re, qui est mort l\u2019ann\u00e9e derni\u00e8re, a servi la France pendant la Seconde Guerre Mondiale. Il a d\u00fb partir au STO, le Service du Travail Obligatoire et il avait l\u2019habitude de conter son voyage en Allemagne \u00e0 ses petits-enfants.<\/p>\n\n\n\n<p class=\"wp-block-paragraph\">Il travaillait dans une usine o\u00f9 il \u00e9tait chauffeur et transportait les armes des Allemands. Il nous racontait que lors des repas, servis avec des cigarettes, il \u00e9changeait ses cigarettes contre de la nourriture pour pouvoir manger \u00e0 sa faim. Pendant une livraison, une grenade est tomb\u00e9e, a explos\u00e9 et a touch\u00e9 sa jambe. Il a donc d\u00fb rentrer en France mais sa jambe n\u2019a jamais \u00e9t\u00e9 bien soign\u00e9e et lui a fait mal toute sa vie. Le retour long et fastidieux s\u2019est fait dans la chaleur, avec beaucoup de monde et dans la douleur.<\/p>\n\n\n\n<p class=\"wp-block-paragraph\">Cette p\u00e9riode de sa vie a \u00e9t\u00e9 marquante. Lors des derniers mois de sa vie et surement avec la s\u00e9nilit\u00e9, ces moments lui revenaient en t\u00eate.<\/p>\n","protected":false},"excerpt":{"rendered":"<p>Mon arri\u00e8re-grand-p\u00e8re, qui est mort l\u2019ann\u00e9e derni\u00e8re, a servi la France pendant la Seconde Guerre Mondiale. Il a d\u00fb partir au STO, le Service du Travail Obligatoire et il avait l\u2019habitude de conter son&#46;&#46;&#46;<\/p>\n","protected":false},"author":1,"featured_media":0,"comment_status":"closed","ping_status":"closed","sticky":false,"template":"","format":"standard","meta":{"_crdt_document":"","footnotes":""},"categories":[24],"tags":[299,397,624,278,623,376,459,293],"class_list":["post-459","post","type-post","status-publish","format-standard","hentry","category-guerre","tag-allemands","tag-alzheimer","tag-armes","tag-blessure","tag-chauffeur","tag-deuxieme-guerre-mondiale","tag-faim","tag-sto"],"jetpack_featured_media_url":"","_links":{"self":[{"href":"https:\/\/grenierdecourbevoie.fr\/index.php\/wp-json\/wp\/v2\/posts\/459","targetHints":{"allow":["GET"]}}],"collection":[{"href":"https:\/\/grenierdecourbevoie.fr\/index.php\/wp-json\/wp\/v2\/posts"}],"about":[{"href":"https:\/\/grenierdecourbevoie.fr\/index.php\/wp-json\/wp\/v2\/types\/post"}],"author":[{"embeddable":true,"href":"https:\/\/grenierdecourbevoie.fr\/index.php\/wp-json\/wp\/v2\/users\/1"}],"replies":[{"embeddable":true,"href":"https:\/\/grenierdecourbevoie.fr\/index.php\/wp-json\/wp\/v2\/comments?post=459"}],"version-history":[{"count":1,"href":"https:\/\/grenierdecourbevoie.fr\/index.php\/wp-json\/wp\/v2\/posts\/459\/revisions"}],"predecessor-version":[{"id":460,"href":"https:\/\/grenierdecourbevoie.fr\/index.php\/wp-json\/wp\/v2\/posts\/459\/revisions\/460"}],"wp:attachment":[{"href":"https:\/\/grenierdecourbevoie.fr\/index.php\/wp-json\/wp\/v2\/media?parent=459"}],"wp:term":[{"taxonomy":"category","embeddable":true,"href":"https:\/\/grenierdecourbevoie.fr\/index.php\/wp-json\/wp\/v2\/categories?post=459"},{"taxonomy":"post_tag","embeddable":true,"href":"https:\/\/grenierdecourbevoie.fr\/index.php\/wp-json\/wp\/v2\/tags?post=459"}],"curies":[{"name":"wp","href":"https:\/\/api.w.org\/{rel}","templated":true}]}}