{"id":467,"date":"2022-10-22T10:54:23","date_gmt":"2022-10-22T08:54:23","guid":{"rendered":"http:\/\/grenierdecourbevoie.fr\/?p=467"},"modified":"2022-10-22T10:54:23","modified_gmt":"2022-10-22T08:54:23","slug":"avis-de-tempete","status":"publish","type":"post","link":"https:\/\/grenierdecourbevoie.fr\/index.php\/2022\/10\/22\/avis-de-tempete\/","title":{"rendered":"Avis de temp\u00eate"},"content":{"rendered":"\n<p class=\"wp-block-paragraph\">Nous sommes le 16 septembre 1989 et je suis \u00e2g\u00e9e de 17 ans. Je suis au lyc\u00e9e en Guadeloupe. Un avis de temp\u00eate est annonc\u00e9 mais nous n\u2019y pr\u00eatons pas grande attention car habitu\u00e9s. Au fil des heures, l\u2019avis de temp\u00eate se change en alerte, et tous les lyc\u00e9ens, coll\u00e9giens et \u00e9coliers sont invit\u00e9s \u00e0 rentrer chez eux. \u00ab&nbsp;Cool&nbsp;\u00bb nous disons nous, \u00ab&nbsp;encore une apr\u00e8s-midi de gagn\u00e9e&nbsp;\u00bb. De mon c\u00f4t\u00e9 je suis loin de me douter de ce qui nous attend, vu que le r\u00e9cit de mes grands-parents sur le cyclone de 1928 \u00e9tait loin dans ma m\u00e9moire.<\/p>\n\n\n\n<p class=\"wp-block-paragraph\">Peu de temps apr\u00e8s, c\u2019est au tour des parents, des salari\u00e9s, de tous les hommes et femmes en activit\u00e9 de regagner leur domicile. Commence alors les op\u00e9rations de fermeture de tous les locaux et des barricades des maisons. Les animaux eux aussi sont rentr\u00e9s. Dans ma t\u00eate commence alors une grande aventure, car nous les jeunes nous organisons un grand pique-nique dans la chambre, lieu jusque-l\u00e0 interdit \u00e0 la nourriture. Nous \u00e9tions pr\u00e9cis\u00e9ment cinq, mes fr\u00e8res, ma s\u0153ur, ma cousine et moi. Nous pr\u00e9parons un grand festin avec toutes les bonnes choses que nous aimons.<\/p>\n\n\n\n<p class=\"wp-block-paragraph\">Lorsque les \u00e9l\u00e9ments naturels commencent \u00e0 se d\u00e9chainer dehors, nous ne percevons que les bruits de vents qui au d\u00e9but n\u2019\u00e9tait que m\u00e9lodie \u00e0 nos oreilles. Mais tr\u00e8s vite le bruit devient inqui\u00e9tant. Les informations \u00e0 la radio nous d\u00e9montrent en direct que ce n\u2019est pas un jeu. Nous \u00e9tions calfeutr\u00e9s \u00e0 l\u2019int\u00e9rieur pour de bonnes raisons. Nos parents cherchaient \u00e0 nous prot\u00e9ger. Nous entendons les fruits des arbres qui tombent en cascade avec un bruit assourdissant. Nous sommes effray\u00e9s. Plus de jeu de cartes \u00e0 la bougie, plus de jeu de devinettes, plus de rire, juste un silence de mort. Nous \u00e9tions dans \u00ab&nbsp;l\u2019\u0153il&nbsp;\u00bb du cyclone. Avant la panne de la radio, nous venions juste d\u2019entendre qu\u2019une touriste est en difficult\u00e9s \u00e0 la Pointe des Ch\u00e2teaux. Elle tente de prendre des photos de la mer d\u00e9chain\u00e9e.<\/p>\n\n\n\n<p class=\"wp-block-paragraph\">Personne n\u2019a dormi cette nuit-l\u00e0, de 22h au petit matin, nous avons v\u00e9cu l\u2019horreur. Mais c\u2019\u00e9tait une sensation \u00e9trange car nous ne voyions rien mais entendions et ressentions tous les bouleversements de la nature. &nbsp;Le souvenir de ces sons durs est bouleversant.<\/p>\n\n\n\n<p class=\"wp-block-paragraph\">&nbsp;Lorsqu\u2019enfin au petit matin nous avions l\u2019autorisation d\u2019ouvrir les portes, ce fut la consternation. Dans les rues c\u2019\u00e9tait la d\u00e9solation&nbsp;! La diff\u00e9rence \u00e9tait nette entre la Guadeloupe d\u2019avant et la Guadeloupe d\u2019apr\u00e8s. Nous faisons face aux d\u00e9g\u00e2ts mat\u00e9riels et aux pertes humaines.<\/p>\n\n\n\n<p class=\"wp-block-paragraph\">Dans le malheur g\u00e9n\u00e9ral, notre famille s\u2019en sortait plut\u00f4t bien car aucune perte humaine et juste une toiture fissur\u00e9e. La seule chose \u00ab&nbsp;dr\u00f4le&nbsp;\u00bb sur le moment fut la d\u00e9couverte de la voiture familiale intacte sur un parking. Elle \u00e9tait au milieu de plusieurs voitures cass\u00e9es.<\/p>\n\n\n\n<p class=\"wp-block-paragraph\">Autant dire que cette exp\u00e9rience cyclonique a entam\u00e9 mon insouciance et le regard que je porte sur la force de la Nature.<\/p>\n","protected":false},"excerpt":{"rendered":"<p>Nous sommes le 16 septembre 1989 et je suis \u00e2g\u00e9e de 17 ans. Je suis au lyc\u00e9e en Guadeloupe. Un avis de temp\u00eate est annonc\u00e9 mais nous n\u2019y pr\u00eatons pas grande attention car habitu\u00e9s.&#46;&#46;&#46;<\/p>\n","protected":false},"author":1,"featured_media":0,"comment_status":"open","ping_status":"open","sticky":false,"template":"","format":"standard","meta":{"_crdt_document":"","footnotes":""},"categories":[15],"tags":[636,633,635,634,631,632],"class_list":["post-467","post","type-post","status-publish","format-standard","hentry","category-accidents","tag-636","tag-catastrophe-naturelle","tag-cyclone","tag-degats","tag-guadeloupe","tag-tempete"],"jetpack_featured_media_url":"","_links":{"self":[{"href":"https:\/\/grenierdecourbevoie.fr\/index.php\/wp-json\/wp\/v2\/posts\/467","targetHints":{"allow":["GET"]}}],"collection":[{"href":"https:\/\/grenierdecourbevoie.fr\/index.php\/wp-json\/wp\/v2\/posts"}],"about":[{"href":"https:\/\/grenierdecourbevoie.fr\/index.php\/wp-json\/wp\/v2\/types\/post"}],"author":[{"embeddable":true,"href":"https:\/\/grenierdecourbevoie.fr\/index.php\/wp-json\/wp\/v2\/users\/1"}],"replies":[{"embeddable":true,"href":"https:\/\/grenierdecourbevoie.fr\/index.php\/wp-json\/wp\/v2\/comments?post=467"}],"version-history":[{"count":1,"href":"https:\/\/grenierdecourbevoie.fr\/index.php\/wp-json\/wp\/v2\/posts\/467\/revisions"}],"predecessor-version":[{"id":468,"href":"https:\/\/grenierdecourbevoie.fr\/index.php\/wp-json\/wp\/v2\/posts\/467\/revisions\/468"}],"wp:attachment":[{"href":"https:\/\/grenierdecourbevoie.fr\/index.php\/wp-json\/wp\/v2\/media?parent=467"}],"wp:term":[{"taxonomy":"category","embeddable":true,"href":"https:\/\/grenierdecourbevoie.fr\/index.php\/wp-json\/wp\/v2\/categories?post=467"},{"taxonomy":"post_tag","embeddable":true,"href":"https:\/\/grenierdecourbevoie.fr\/index.php\/wp-json\/wp\/v2\/tags?post=467"}],"curies":[{"name":"wp","href":"https:\/\/api.w.org\/{rel}","templated":true}]}}