{"id":479,"date":"2022-10-22T11:06:37","date_gmt":"2022-10-22T09:06:37","guid":{"rendered":"http:\/\/grenierdecourbevoie.fr\/?p=479"},"modified":"2022-10-22T11:06:38","modified_gmt":"2022-10-22T09:06:38","slug":"a-la-noce","status":"publish","type":"post","link":"https:\/\/grenierdecourbevoie.fr\/index.php\/2022\/10\/22\/a-la-noce\/","title":{"rendered":"A la noce"},"content":{"rendered":"\n<p class=\"wp-block-paragraph\">Le 14 septembre dernier, j\u2019ai assist\u00e9 au mariage de mes parents. Cela se passait \u00e0 Gimouille, dans la Ni\u00e8vre, au sud-est de Paris. Toute la famille et tous les amis \u00e9taient pr\u00e9sents et ce fut un mariage fort en \u00e9motions. Cela se passait en pleine campagne nous \u00e9tions entour\u00e9s d\u2019animaux de la ferme. Ce fut assez original. La c\u00e9r\u00e9monie s\u2019est d\u00e9roul\u00e9e aux alentours de quinze heures et les invit\u00e9s \u00e9taient assis sur des bottes de pailles.<\/p>\n\n\n\n<p class=\"wp-block-paragraph\">Cette c\u00e9r\u00e9monie \u00e9tait orchestr\u00e9e par mes deux oncles. Chanteurs et saxophone mettaient l\u2019ambiance durant l\u2019apr\u00e8s-midi, et le soir nous avons d\u00een\u00e9 puis assist\u00e9 aux surprises pour les mari\u00e9s (chants, danse, vid\u00e9os&nbsp;\u2026). Enfin, nous avons fait la f\u00eate jusqu\u2019au bout de la nuit.<\/p>\n\n\n\n<p class=\"wp-block-paragraph\">Le lendemain beaucoup d\u2019invit\u00e9s se sont retrouv\u00e9s pour se rendre \u00e0 la piscine du domaine puis nous sommes rentr\u00e9s chez nous.<\/p>\n\n\n\n<p class=\"wp-block-paragraph\">Ce mariage a \u00e9t\u00e9 effectu\u00e9 en deux fois&nbsp;: une premi\u00e8re fois \u00e0 la mairie en ao\u00fbt et une deuxi\u00e8me \u00e0 Gimouille. J\u2019ai eu la chance d\u2019assister au mariage de mes parents apr\u00e8s vingt ans de vie commune et apr\u00e8s avoir eu deux enfants&nbsp;: mon petit fr\u00e8re et moi.<\/p>\n","protected":false},"excerpt":{"rendered":"<p>Le 14 septembre dernier, j\u2019ai assist\u00e9 au mariage de mes parents. Cela se passait \u00e0 Gimouille, dans la Ni\u00e8vre, au sud-est de Paris. Toute la famille et tous les amis \u00e9taient pr\u00e9sents et ce&#46;&#46;&#46;<\/p>\n","protected":false},"author":1,"featured_media":0,"comment_status":"closed","ping_status":"closed","sticky":false,"template":"","format":"standard","meta":{"_crdt_document":"","footnotes":""},"categories":[12],"tags":[650,648,457,649,647,186],"class_list":["post-479","post","type-post","status-publish","format-standard","hentry","category-vacances-et-fetes","tag-emotion","tag-grimouille","tag-mariage","tag-nievre","tag-noce","tag-parents"],"jetpack_featured_media_url":"","_links":{"self":[{"href":"https:\/\/grenierdecourbevoie.fr\/index.php\/wp-json\/wp\/v2\/posts\/479","targetHints":{"allow":["GET"]}}],"collection":[{"href":"https:\/\/grenierdecourbevoie.fr\/index.php\/wp-json\/wp\/v2\/posts"}],"about":[{"href":"https:\/\/grenierdecourbevoie.fr\/index.php\/wp-json\/wp\/v2\/types\/post"}],"author":[{"embeddable":true,"href":"https:\/\/grenierdecourbevoie.fr\/index.php\/wp-json\/wp\/v2\/users\/1"}],"replies":[{"embeddable":true,"href":"https:\/\/grenierdecourbevoie.fr\/index.php\/wp-json\/wp\/v2\/comments?post=479"}],"version-history":[{"count":1,"href":"https:\/\/grenierdecourbevoie.fr\/index.php\/wp-json\/wp\/v2\/posts\/479\/revisions"}],"predecessor-version":[{"id":480,"href":"https:\/\/grenierdecourbevoie.fr\/index.php\/wp-json\/wp\/v2\/posts\/479\/revisions\/480"}],"wp:attachment":[{"href":"https:\/\/grenierdecourbevoie.fr\/index.php\/wp-json\/wp\/v2\/media?parent=479"}],"wp:term":[{"taxonomy":"category","embeddable":true,"href":"https:\/\/grenierdecourbevoie.fr\/index.php\/wp-json\/wp\/v2\/categories?post=479"},{"taxonomy":"post_tag","embeddable":true,"href":"https:\/\/grenierdecourbevoie.fr\/index.php\/wp-json\/wp\/v2\/tags?post=479"}],"curies":[{"name":"wp","href":"https:\/\/api.w.org\/{rel}","templated":true}]}}