{"id":481,"date":"2022-10-22T11:08:38","date_gmt":"2022-10-22T09:08:38","guid":{"rendered":"http:\/\/grenierdecourbevoie.fr\/?p=481"},"modified":"2022-10-22T11:08:38","modified_gmt":"2022-10-22T09:08:38","slug":"une-grande-prematuree","status":"publish","type":"post","link":"https:\/\/grenierdecourbevoie.fr\/index.php\/2022\/10\/22\/une-grande-prematuree\/","title":{"rendered":"Une grande pr\u00e9matur\u00e9e"},"content":{"rendered":"\n<p class=\"wp-block-paragraph\">Mon arri\u00e8re-grand-m\u00e8re est n\u00e9e en 1922. Elle nous r\u00e9p\u00e9tait sans cesse qu\u2019elle \u00e9tait n\u00e9e \u00e0 six mois de grossesse et pesait seulement 1,2 kilos. C\u2019\u00e9tait une grande pr\u00e9matur\u00e9e !<\/p>\n\n\n\n<p class=\"wp-block-paragraph\">Vu qu\u2019il n\u2019y avait pas de couveuse ma grand-m\u00e8re nous a racont\u00e9 que les sages-femmes l\u2019avait mise dans une boite \u00e0 chaussure avec du coton. Durant sa vie de petite fille mon arri\u00e8re-grand-m\u00e8re avait beaucoup de probl\u00e8mes de sant\u00e9 : elle ne mangeait pas, elle \u00e9tait toute maigre et n&#8217;allait quasiment jamais \u00e0 l&#8217;\u00e9cole. En effet \u00e0 chaque fois qu\u2019elle allait \u00e0 l&#8217;\u00e9cole elle ne tenait que deux semaines et apr\u00e8s elle retombait malade. Le m\u00e9decin r\u00e9p\u00e9tait que mon arri\u00e8re-grand-m\u00e8re n&#8217;allait pas vivre tr\u00e8s longtemps et qu\u2019elle n\u2019arriverait&nbsp;pas \u00e0 avoir d\u2019enfants. C\u2019est \u00e0 ses 14 ans que ses parents l&#8217;ont envoy\u00e9e dans un centre pour asthmatiques au bord de la mer. Elle s\u2019y est sentie extr\u00eamement bien et elle a commenc\u00e9 \u00e0 manger, \u00e0 courir et \u00e0 \u00eatre joyeuse.<\/p>\n\n\n\n<p class=\"wp-block-paragraph\">Six ans apr\u00e8s elle a rencontr\u00e9 mon arri\u00e8re-grand-p\u00e8re, elle s\u2019est mari\u00e9e puis a eu 7 enfants.&nbsp;<\/p>\n\n\n\n<p class=\"wp-block-paragraph\">Aujourd\u2019hui elle a 97 ans et se porte \u00e0 merveille. Elle vit encore chez elle et souvent entour\u00e9e de tous ses enfants et petits-enfants.<\/p>\n","protected":false},"excerpt":{"rendered":"<p>Mon arri\u00e8re-grand-m\u00e8re est n\u00e9e en 1922. Elle nous r\u00e9p\u00e9tait sans cesse qu\u2019elle \u00e9tait n\u00e9e \u00e0 six mois de grossesse et pesait seulement 1,2 kilos. C\u2019\u00e9tait une grande pr\u00e9matur\u00e9e ! Vu qu\u2019il n\u2019y avait pas&#46;&#46;&#46;<\/p>\n","protected":false},"author":1,"featured_media":0,"comment_status":"closed","ping_status":"closed","sticky":false,"template":"","format":"standard","meta":{"_crdt_document":"","footnotes":""},"categories":[15,9],"tags":[651,66,477,319,652],"class_list":["post-481","post","type-post","status-publish","format-standard","hentry","category-accidents","category-enfance","tag-651","tag-grossesse","tag-naissance","tag-premature","tag-sage-femme"],"jetpack_featured_media_url":"","_links":{"self":[{"href":"https:\/\/grenierdecourbevoie.fr\/index.php\/wp-json\/wp\/v2\/posts\/481","targetHints":{"allow":["GET"]}}],"collection":[{"href":"https:\/\/grenierdecourbevoie.fr\/index.php\/wp-json\/wp\/v2\/posts"}],"about":[{"href":"https:\/\/grenierdecourbevoie.fr\/index.php\/wp-json\/wp\/v2\/types\/post"}],"author":[{"embeddable":true,"href":"https:\/\/grenierdecourbevoie.fr\/index.php\/wp-json\/wp\/v2\/users\/1"}],"replies":[{"embeddable":true,"href":"https:\/\/grenierdecourbevoie.fr\/index.php\/wp-json\/wp\/v2\/comments?post=481"}],"version-history":[{"count":1,"href":"https:\/\/grenierdecourbevoie.fr\/index.php\/wp-json\/wp\/v2\/posts\/481\/revisions"}],"predecessor-version":[{"id":482,"href":"https:\/\/grenierdecourbevoie.fr\/index.php\/wp-json\/wp\/v2\/posts\/481\/revisions\/482"}],"wp:attachment":[{"href":"https:\/\/grenierdecourbevoie.fr\/index.php\/wp-json\/wp\/v2\/media?parent=481"}],"wp:term":[{"taxonomy":"category","embeddable":true,"href":"https:\/\/grenierdecourbevoie.fr\/index.php\/wp-json\/wp\/v2\/categories?post=481"},{"taxonomy":"post_tag","embeddable":true,"href":"https:\/\/grenierdecourbevoie.fr\/index.php\/wp-json\/wp\/v2\/tags?post=481"}],"curies":[{"name":"wp","href":"https:\/\/api.w.org\/{rel}","templated":true}]}}