{"id":519,"date":"2022-10-22T11:43:02","date_gmt":"2022-10-22T09:43:02","guid":{"rendered":"http:\/\/grenierdecourbevoie.fr\/?p=519"},"modified":"2022-10-22T11:43:02","modified_gmt":"2022-10-22T09:43:02","slug":"des-jambes-et-du-jambon","status":"publish","type":"post","link":"https:\/\/grenierdecourbevoie.fr\/index.php\/2022\/10\/22\/des-jambes-et-du-jambon\/","title":{"rendered":"Des jambes et du jambon"},"content":{"rendered":"\n<p class=\"wp-block-paragraph\">Chaque No\u00ebl mon grand-p\u00e8re raconte ses exploits dont un qu\u2019il aime nous r\u00e9p\u00e9ter&nbsp;: l\u2019ascension du Mont Ventoux en v\u00e9lo.<\/p>\n\n\n\n<p class=\"wp-block-paragraph\">C\u2019\u00e9tait en 1967, il partit le matin \u00e0 7h et commen\u00e7a son ascension vers 9h.<\/p>\n\n\n\n<p class=\"wp-block-paragraph\">Le temps \u00e9tait pluvieux et froid, il s\u2019est m\u00eame mis \u00e0 neiger. Il ne s\u2019arr\u00eata qu\u2019une seule fois pour manger&nbsp;\u00ab&nbsp;du bon jambon de Bayonne&nbsp;\u00bb comme il dit. Il arriva au sommet vers 17h et redescendit dans la nuit. Il arriva \u00e0 la maison vers 21h et ma grand-m\u00e8re raconte qu\u2019il s\u2019\u00e9tait endormi dans son assiette.<\/p>\n","protected":false},"excerpt":{"rendered":"<p>Chaque No\u00ebl mon grand-p\u00e8re raconte ses exploits dont un qu\u2019il aime nous r\u00e9p\u00e9ter&nbsp;: l\u2019ascension du Mont Ventoux en v\u00e9lo. C\u2019\u00e9tait en 1967, il partit le matin \u00e0 7h et commen\u00e7a son ascension vers 9h.&#46;&#46;&#46;<\/p>\n","protected":false},"author":1,"featured_media":0,"comment_status":"closed","ping_status":"closed","sticky":false,"template":"","format":"standard","meta":{"_crdt_document":"","footnotes":""},"categories":[8,27],"tags":[712,713,711,301],"class_list":["post-519","post","type-post","status-publish","format-standard","hentry","category-cuisine","category-sports-et-spectacles","tag-ascension","tag-jambon-de-bayonne","tag-mont-ventoux","tag-velo"],"jetpack_featured_media_url":"","_links":{"self":[{"href":"https:\/\/grenierdecourbevoie.fr\/index.php\/wp-json\/wp\/v2\/posts\/519","targetHints":{"allow":["GET"]}}],"collection":[{"href":"https:\/\/grenierdecourbevoie.fr\/index.php\/wp-json\/wp\/v2\/posts"}],"about":[{"href":"https:\/\/grenierdecourbevoie.fr\/index.php\/wp-json\/wp\/v2\/types\/post"}],"author":[{"embeddable":true,"href":"https:\/\/grenierdecourbevoie.fr\/index.php\/wp-json\/wp\/v2\/users\/1"}],"replies":[{"embeddable":true,"href":"https:\/\/grenierdecourbevoie.fr\/index.php\/wp-json\/wp\/v2\/comments?post=519"}],"version-history":[{"count":1,"href":"https:\/\/grenierdecourbevoie.fr\/index.php\/wp-json\/wp\/v2\/posts\/519\/revisions"}],"predecessor-version":[{"id":520,"href":"https:\/\/grenierdecourbevoie.fr\/index.php\/wp-json\/wp\/v2\/posts\/519\/revisions\/520"}],"wp:attachment":[{"href":"https:\/\/grenierdecourbevoie.fr\/index.php\/wp-json\/wp\/v2\/media?parent=519"}],"wp:term":[{"taxonomy":"category","embeddable":true,"href":"https:\/\/grenierdecourbevoie.fr\/index.php\/wp-json\/wp\/v2\/categories?post=519"},{"taxonomy":"post_tag","embeddable":true,"href":"https:\/\/grenierdecourbevoie.fr\/index.php\/wp-json\/wp\/v2\/tags?post=519"}],"curies":[{"name":"wp","href":"https:\/\/api.w.org\/{rel}","templated":true}]}}