{"id":529,"date":"2022-10-22T11:56:10","date_gmt":"2022-10-22T09:56:10","guid":{"rendered":"http:\/\/grenierdecourbevoie.fr\/?p=529"},"modified":"2022-10-22T11:56:10","modified_gmt":"2022-10-22T09:56:10","slug":"le-noel-des-poissons","status":"publish","type":"post","link":"https:\/\/grenierdecourbevoie.fr\/index.php\/2022\/10\/22\/le-noel-des-poissons\/","title":{"rendered":"Le No\u00ebl des Poissons"},"content":{"rendered":"\n<p class=\"wp-block-paragraph\">C&#8217;\u00e9tait un No\u00ebl chez mes grands-parents paternels, j&#8217;avais environ trois ans et j&#8217;attendais le P\u00e8re No\u00ebl avec impatience.<\/p>\n\n\n\n<p class=\"wp-block-paragraph\">Cette ann\u00e9e-l\u00e0, c\u2019\u00e9tait mon grand-p\u00e8re maternel qui avait d\u00e9cid\u00e9 de se d\u00e9guiser.<\/p>\n\n\n\n<p class=\"wp-block-paragraph\">Nous \u00e9tions en train de commencer \u00e0 manger avec mes parents, mes grands-parents et mes cousins lorsque tout \u00e0 coup, j&#8217;ai entendu le P\u00e8re No\u00ebl frapper \u00e0 la porte du jardin. Je suis vite partie me cacher dans ma chambre car j&#8217;avais peur&nbsp;!<\/p>\n\n\n\n<p class=\"wp-block-paragraph\">Lorsqu&#8217;il eut termin\u00e9 de d\u00e9poser les cadeaux au pied du sapin, je suis ressortie de ma chambre et me suis directement dirig\u00e9e vers la porte afin de voir \u00e0 quoi il ressemblait. Il faisait noir car il \u00e9tait au moins 22 heures et lui non plus ne voyait rien. En voulant repartir tr\u00e8s vite pour ne pas que je le reconnaisse, il s\u2019est tromp\u00e9 de direction. Il est alors tomb\u00e9 dans l&#8217;\u00e9tang au milieu des poissons mais heureusement, il n&#8217;\u00e9tait pas profond ! Il s&#8217;est ensuite relev\u00e9 et est reparti en courant mais cette fois-ci du c\u00f4t\u00e9 du garage&nbsp;pour enlever son costume et nous rejoindre pour la fin du d\u00eener.<\/p>\n","protected":false},"excerpt":{"rendered":"<p>C&#8217;\u00e9tait un No\u00ebl chez mes grands-parents paternels, j&#8217;avais environ trois ans et j&#8217;attendais le P\u00e8re No\u00ebl avec impatience. Cette ann\u00e9e-l\u00e0, c\u2019\u00e9tait mon grand-p\u00e8re maternel qui avait d\u00e9cid\u00e9 de se d\u00e9guiser. Nous \u00e9tions en train&#46;&#46;&#46;<\/p>\n","protected":false},"author":1,"featured_media":0,"comment_status":"closed","ping_status":"closed","sticky":false,"template":"","format":"standard","meta":{"_crdt_document":"","footnotes":""},"categories":[15,12],"tags":[385,415,259,739,230],"class_list":["post-529","post","type-post","status-publish","format-standard","hentry","category-accidents","category-vacances-et-fetes","tag-chute","tag-deguisement","tag-noel","tag-pere-noel-2","tag-poisson"],"jetpack_featured_media_url":"","_links":{"self":[{"href":"https:\/\/grenierdecourbevoie.fr\/index.php\/wp-json\/wp\/v2\/posts\/529","targetHints":{"allow":["GET"]}}],"collection":[{"href":"https:\/\/grenierdecourbevoie.fr\/index.php\/wp-json\/wp\/v2\/posts"}],"about":[{"href":"https:\/\/grenierdecourbevoie.fr\/index.php\/wp-json\/wp\/v2\/types\/post"}],"author":[{"embeddable":true,"href":"https:\/\/grenierdecourbevoie.fr\/index.php\/wp-json\/wp\/v2\/users\/1"}],"replies":[{"embeddable":true,"href":"https:\/\/grenierdecourbevoie.fr\/index.php\/wp-json\/wp\/v2\/comments?post=529"}],"version-history":[{"count":1,"href":"https:\/\/grenierdecourbevoie.fr\/index.php\/wp-json\/wp\/v2\/posts\/529\/revisions"}],"predecessor-version":[{"id":530,"href":"https:\/\/grenierdecourbevoie.fr\/index.php\/wp-json\/wp\/v2\/posts\/529\/revisions\/530"}],"wp:attachment":[{"href":"https:\/\/grenierdecourbevoie.fr\/index.php\/wp-json\/wp\/v2\/media?parent=529"}],"wp:term":[{"taxonomy":"category","embeddable":true,"href":"https:\/\/grenierdecourbevoie.fr\/index.php\/wp-json\/wp\/v2\/categories?post=529"},{"taxonomy":"post_tag","embeddable":true,"href":"https:\/\/grenierdecourbevoie.fr\/index.php\/wp-json\/wp\/v2\/tags?post=529"}],"curies":[{"name":"wp","href":"https:\/\/api.w.org\/{rel}","templated":true}]}}