{"id":53,"date":"2022-10-14T14:52:04","date_gmt":"2022-10-14T12:52:04","guid":{"rendered":"http:\/\/grenierdecourbevoie.fr\/?p=53"},"modified":"2022-10-14T15:03:27","modified_gmt":"2022-10-14T13:03:27","slug":"linterrogatoire","status":"publish","type":"post","link":"https:\/\/grenierdecourbevoie.fr\/index.php\/2022\/10\/14\/linterrogatoire\/","title":{"rendered":"L\u2019interrogatoire"},"content":{"rendered":"\n<p class=\"wp-block-paragraph\">Mon p\u00e8re me raconta une histoire lorsque j\u2019\u00e9tais jeune, qui me marqua profond\u00e9ment.<\/p>\n\n\n\n<p class=\"wp-block-paragraph\">Du temps ou mon p\u00e8re avait cinq ans, il vivait en Alg\u00e9rie : plus pr\u00e9cis\u00e9ment \u00e0 Trouna, un village en Kabylie. Ce village \u00e9tait petit, peu peupl\u00e9, la majorit\u00e9 de ses habitants vivaient de l\u2019agriculture.<\/p>\n\n\n\n<p class=\"wp-block-paragraph\">Lui, ses grands-parents et ses deux cousins allaient souvent aux champs, au sommet de la colline, faire p\u00e2turer leur brebis et son petit.<\/p>\n\n\n\n<p class=\"wp-block-paragraph\">Un jour, sur le chemin du retour, ils crois\u00e8rent l\u2019arm\u00e9e de Ben Bella.<\/p>\n\n\n\n<p class=\"wp-block-paragraph\">Ben Bella \u00e9tait le premier pr\u00e9sident \u00e0 avoir obtenu de force le pouvoir en Alg\u00e9rie apr\u00e8s la guerre d\u2019Ind\u00e9pendance en 1962.<\/p>\n\n\n\n<p class=\"wp-block-paragraph\">Cette arm\u00e9e interpella ma famille et lui demanda s\u2019il elle n\u2019avait pas vu Boulila : un r\u00e9volutionnaire qui \u00e9tait contre le r\u00e9gime, un fugitif recherch\u00e9.<\/p>\n\n\n\n<p class=\"wp-block-paragraph\">L\u2019arm\u00e9e arr\u00eata le grand-p\u00e8re, sous les cris d\u2019effrois de sa femme ; quant \u00e0 mon p\u00e8re et ses cousins effray\u00e9s, ils prirent la fuite.<\/p>\n\n\n\n<p class=\"wp-block-paragraph\">Le grand-p\u00e8re fut alors emmen\u00e9, sur une colline lointaine, o\u00f9 on l\u2019assomma de questions sur cet homme qui avait disparu, sans laisser de traces.<\/p>\n\n\n\n<p class=\"wp-block-paragraph\">Sa femme, mon p\u00e8re et ses deux cousins \u00e9taient revenus chez eux, morts d\u2019inqui\u00e9tude, se posant mille et unes questions sur cette arrestation soudaine. Ils clam\u00e8rent l\u2019innocence du grand-p\u00e8re, ne sachant pas ce pour quoi il \u00e9tait accus\u00e9.<\/p>\n\n\n\n<p class=\"wp-block-paragraph\">Apr\u00e8s un long moment, qui parut une \u00e9ternit\u00e9, il revint.<\/p>\n\n\n\n<p class=\"wp-block-paragraph\">La joie et la bonne humeur reprirent place au sein du foyer.<\/p>\n\n\n\n<p class=\"wp-block-paragraph\">Des ann\u00e9es plus tard, mon p\u00e8re grandit et comprit mieux ce qu\u2019il avait v\u00e9cu.<\/p>\n\n\n\n<p class=\"wp-block-paragraph\">Dans mon enfance, il me fit don de cette histoire, qui me fit voyager mais que je ne saisis pas totalement.<\/p>\n\n\n\n<p class=\"wp-block-paragraph\">A pr\u00e9sent, m\u2019en voil\u00e0 capable, et je m\u2019assurerai de ne pas \u00eatre a derni\u00e8re \u00e0 la recevoir.<\/p>\n","protected":false},"excerpt":{"rendered":"<p>Mon p\u00e8re me raconta une histoire lorsque j\u2019\u00e9tais jeune, qui me marqua profond\u00e9ment. Du temps ou mon p\u00e8re avait cinq ans, il vivait en Alg\u00e9rie : plus pr\u00e9cis\u00e9ment \u00e0 Trouna, un village en Kabylie.&#46;&#46;&#46;<\/p>\n","protected":false},"author":1,"featured_media":0,"comment_status":"closed","ping_status":"open","sticky":false,"template":"","format":"standard","meta":{"_crdt_document":"","footnotes":""},"categories":[24],"tags":[22,16,19,23,17,20,21,18],"class_list":["post-53","post","type-post","status-publish","format-standard","hentry","category-guerre","tag-22","tag-algerie","tag-ben-bella","tag-boulila","tag-guerre","tag-independance","tag-interrogatoire","tag-kabylie"],"jetpack_featured_media_url":"","_links":{"self":[{"href":"https:\/\/grenierdecourbevoie.fr\/index.php\/wp-json\/wp\/v2\/posts\/53","targetHints":{"allow":["GET"]}}],"collection":[{"href":"https:\/\/grenierdecourbevoie.fr\/index.php\/wp-json\/wp\/v2\/posts"}],"about":[{"href":"https:\/\/grenierdecourbevoie.fr\/index.php\/wp-json\/wp\/v2\/types\/post"}],"author":[{"embeddable":true,"href":"https:\/\/grenierdecourbevoie.fr\/index.php\/wp-json\/wp\/v2\/users\/1"}],"replies":[{"embeddable":true,"href":"https:\/\/grenierdecourbevoie.fr\/index.php\/wp-json\/wp\/v2\/comments?post=53"}],"version-history":[{"count":1,"href":"https:\/\/grenierdecourbevoie.fr\/index.php\/wp-json\/wp\/v2\/posts\/53\/revisions"}],"predecessor-version":[{"id":55,"href":"https:\/\/grenierdecourbevoie.fr\/index.php\/wp-json\/wp\/v2\/posts\/53\/revisions\/55"}],"wp:attachment":[{"href":"https:\/\/grenierdecourbevoie.fr\/index.php\/wp-json\/wp\/v2\/media?parent=53"}],"wp:term":[{"taxonomy":"category","embeddable":true,"href":"https:\/\/grenierdecourbevoie.fr\/index.php\/wp-json\/wp\/v2\/categories?post=53"},{"taxonomy":"post_tag","embeddable":true,"href":"https:\/\/grenierdecourbevoie.fr\/index.php\/wp-json\/wp\/v2\/tags?post=53"}],"curies":[{"name":"wp","href":"https:\/\/api.w.org\/{rel}","templated":true}]}}