{"id":571,"date":"2022-10-27T10:35:34","date_gmt":"2022-10-27T08:35:34","guid":{"rendered":"http:\/\/grenierdecourbevoie.fr\/?p=571"},"modified":"2022-10-27T10:35:54","modified_gmt":"2022-10-27T08:35:54","slug":"la-legende-de-la-chouette","status":"publish","type":"post","link":"https:\/\/grenierdecourbevoie.fr\/index.php\/2022\/10\/27\/la-legende-de-la-chouette\/","title":{"rendered":"La l\u00e9gende de la chouette"},"content":{"rendered":"\n<p class=\"wp-block-paragraph\">C\u2019est une l\u00e9gende que m\u2019a racont\u00e9e mon grand-p\u00e8re.<\/p>\n\n\n\n<p class=\"wp-block-paragraph\">Il y a de \u00e7a 6 ans, il partait en Bretagne dans la maison familiale accompagn\u00e9 de ma grand-m\u00e8re.<\/p>\n\n\n\n<p class=\"wp-block-paragraph\">Le coffre de sa C15 \u00e9tait rempli de babioles destin\u00e9es \u00e0 la cave.<\/p>\n\n\n\n<p class=\"wp-block-paragraph\">Ils traversaient une vall\u00e9e, c\u2019\u00e9tait le soir, une brume s\u2019\u00e9tait install\u00e9e sur la route, une brume si \u00e9paisse qu\u2019il fallut \u00e0 u moment descendre de la voiture pour y voir ne serait-ce qu\u2019un arbre sur le bas-c\u00f4t\u00e9.<\/p>\n\n\n\n<p class=\"wp-block-paragraph\">Mon grand-p\u00e8re avait allum\u00e9 les phares de la voiture et avan\u00e7ait tr\u00e8s lentement.<\/p>\n\n\n\n<p class=\"wp-block-paragraph\">Soudain, un bruit strident et paralysant survint de la vall\u00e9e, ma grand-m\u00e8re hurla de peur et mon grand-p\u00e8re faillit perdre le contr\u00f4le de la C15.<\/p>\n\n\n\n<p class=\"wp-block-paragraph\">Dans les minutes qui suivirent, mon grand-p\u00e8re muni de sa lampe torche et d\u2019un b\u00e2ton trouv\u00e9 l\u00e0, se dirigea vers l\u2019origine du bruit, pensant qu\u2019un sanglier s\u2019\u00e9tait bless\u00e9, il \u00e9tait d\u00e9termin\u00e9 \u00e0 le secourir. Ma grand-m\u00e8re disait que c\u2019\u00e9tait une tr\u00e8s mauvaise id\u00e9e de s\u2019aventurer \u00e0 travers un brouillard dans la for\u00eat mais mon grand-p\u00e8re avait fait l\u2019arm\u00e9e, disait-il et rien ne pourrait lui arriver.<\/p>\n\n\n\n<p class=\"wp-block-paragraph\">Avan\u00e7ant pas \u00e0 pas, tous sens \u00e0 vif mon grand-p\u00e8re s\u2019enfon\u00e7ait dans la vall\u00e9e o\u00f9 le brouillard s\u2019\u00e9tait maintenant install\u00e9.<\/p>\n\n\n\n<p class=\"wp-block-paragraph\">Une branche craqua a deux m\u00e8tres de lui, la peur se fit de plus en plus pr\u00e9sente, un battement d\u2019aile siffla a ses oreille derri\u00e8re lui et se retournant, il crut croire \u00e0 un cauchemar&nbsp;: Une chouette \u00e9tait pos\u00e9e sur la charogne d\u2019un cerf, la chouette le regardait droit dans les yeux tels un pr\u00e9dateur regarde sa proie, mon grand-p\u00e8re pris de panique courut \u00e0 travers le bois et tandis qu\u2019il courut en hurlant \u00e0 travers la brume qui se dissipait enfin.<\/p>\n\n\n\n<p class=\"wp-block-paragraph\">Ma grand-m\u00e8re \u00e9tait rest\u00e9e pr\u00e8s de la voiture, se demandant quand grand-p\u00e8re allait revenir de la vall\u00e9e. Elle le vit soudain courir comme un d\u00e9rat\u00e9, la terreur dans les yeux vers la voiture, press\u00e9 de repartir de cet endroit qu\u2019il disait maudit.<\/p>\n\n\n\n<p class=\"wp-block-paragraph\">Ainsi naquit la L\u00e9gende de la Chouette que mon grand-p\u00e8re n\u2019oublie jamais de raconter aux r\u00e9unions familiales.<\/p>\n","protected":false},"excerpt":{"rendered":"<p>C\u2019est une l\u00e9gende que m\u2019a racont\u00e9e mon grand-p\u00e8re. Il y a de \u00e7a 6 ans, il partait en Bretagne dans la maison familiale accompagn\u00e9 de ma grand-m\u00e8re. Le coffre de sa C15 \u00e9tait rempli&#46;&#46;&#46;<\/p>\n","protected":false},"author":1,"featured_media":0,"comment_status":"closed","ping_status":"closed","sticky":false,"template":"","format":"standard","meta":{"_crdt_document":"","footnotes":""},"categories":[10,13],"tags":[300,774,773,486,249],"class_list":["post-571","post","type-post","status-publish","format-standard","hentry","category-animaux","category-traditions-et-legendes","tag-bretagne","tag-brume","tag-chouette","tag-foret","tag-peur"],"jetpack_featured_media_url":"","_links":{"self":[{"href":"https:\/\/grenierdecourbevoie.fr\/index.php\/wp-json\/wp\/v2\/posts\/571","targetHints":{"allow":["GET"]}}],"collection":[{"href":"https:\/\/grenierdecourbevoie.fr\/index.php\/wp-json\/wp\/v2\/posts"}],"about":[{"href":"https:\/\/grenierdecourbevoie.fr\/index.php\/wp-json\/wp\/v2\/types\/post"}],"author":[{"embeddable":true,"href":"https:\/\/grenierdecourbevoie.fr\/index.php\/wp-json\/wp\/v2\/users\/1"}],"replies":[{"embeddable":true,"href":"https:\/\/grenierdecourbevoie.fr\/index.php\/wp-json\/wp\/v2\/comments?post=571"}],"version-history":[{"count":2,"href":"https:\/\/grenierdecourbevoie.fr\/index.php\/wp-json\/wp\/v2\/posts\/571\/revisions"}],"predecessor-version":[{"id":573,"href":"https:\/\/grenierdecourbevoie.fr\/index.php\/wp-json\/wp\/v2\/posts\/571\/revisions\/573"}],"wp:attachment":[{"href":"https:\/\/grenierdecourbevoie.fr\/index.php\/wp-json\/wp\/v2\/media?parent=571"}],"wp:term":[{"taxonomy":"category","embeddable":true,"href":"https:\/\/grenierdecourbevoie.fr\/index.php\/wp-json\/wp\/v2\/categories?post=571"},{"taxonomy":"post_tag","embeddable":true,"href":"https:\/\/grenierdecourbevoie.fr\/index.php\/wp-json\/wp\/v2\/tags?post=571"}],"curies":[{"name":"wp","href":"https:\/\/api.w.org\/{rel}","templated":true}]}}