{"id":574,"date":"2022-10-27T10:38:02","date_gmt":"2022-10-27T08:38:02","guid":{"rendered":"http:\/\/grenierdecourbevoie.fr\/?p=574"},"modified":"2022-10-27T10:38:02","modified_gmt":"2022-10-27T08:38:02","slug":"non-rien-de-rien","status":"publish","type":"post","link":"https:\/\/grenierdecourbevoie.fr\/index.php\/2022\/10\/27\/non-rien-de-rien\/","title":{"rendered":"Non, rien de rien\u2026"},"content":{"rendered":"\n<p class=\"wp-block-paragraph\">Chaque ann\u00e9e, pendant le r\u00e9veillon du 24 d\u00e9cembre, il y a ce grand d\u00eener&nbsp;avec ma famille o\u00f9 l&#8217;on mange -beaucoup-, on rend gr\u00e2ce \u00e0 Dieu comme pour Thanksgiving- et puis ma grand-m\u00e8re s&#8217;adresse \u00e0 nous. Elle nous dit \u00e0 quel point elle est fi\u00e8re de sa famille et reconnaissante avant de finalement nous raconter une histoire. Une histoire g\u00e9n\u00e9ralement en rapport avec No\u00ebl. Cette ann\u00e9e elle a voulu -enfin- nous expliquer pourquoi No\u00ebl \u00e9tait si important pour elle.<\/p>\n\n\n\n<p class=\"wp-block-paragraph\">Ma grand-m\u00e8re est n\u00e9e dans une famille pauvre au Cameroun. Elle a d\u00fb abandonner l&#8217;\u00e9cole \u00e0 l&#8217;\u00e2ge de 14 ans parce qu&#8217;\u00e0 l\u2019\u00e9poque, elle avait d\u00e9j\u00e0 beaucoup de responsabilit\u00e9s et de pression sur les \u00e9paules et se devait d&#8217;\u00eatre une m\u00e8re de substitution.<\/p>\n\n\n\n<p class=\"wp-block-paragraph\">Ensuite, elle a rencontr\u00e9 mon grand-p\u00e8re des ann\u00e9es plus tard. Un &#8220;bel \u00e9talon blanc&#8221; a-t-elle dit, il \u00e9tait en voyage au Cameroun. Ils ont commenc\u00e9 \u00e0 sortir ensemble et un jour, il a fait sa demande en mariage et lui a demand\u00e9 de s&#8217;en aller avec lui vers la France. Ce qu&#8217;elle a fait m\u00eame si sa famille n&#8217;\u00e9tait pas d&#8217;accord. Ils lui avaient d\u00e9j\u00e0 trouv\u00e9 un mari et la menac\u00e8rent m\u00eame de la renier si elle pers\u00e9v\u00e9rait dans cette direction. Elle ne les \u00e9couta pas et d\u00e9cida de faire ce qu\u2019elle voulait.<\/p>\n\n\n\n<p class=\"wp-block-paragraph\">Son int\u00e9gration en France &#8211; \u00e0&nbsp;l&#8217;\u00e2ge de 18 ans- fut tr\u00e8s difficile. Mais elle s\u2019accrocha&nbsp;et travailla dur. Elle reprit des \u00e9tudes toute seule et donna naissance \u00e0 quatre enfants qu\u2019elle \u00e9leva avec mon grand-p\u00e8re. Ils men\u00e8rent une vie tranquille. Puis les choses commenc\u00e8rent \u00e0 mal tourner. Ils se s\u00e9par\u00e8rent et ma grand-m\u00e8re s&#8217;installa en Allemagne.<\/p>\n\n\n\n<p class=\"wp-block-paragraph\">Elle a fini par nous expliquer que c&#8217;est parce qu&#8217;elle travaillait tellement qu&#8217;elle en oubliait souvent sa famille, ce qui \u00e9nervait fortement mon grand-p\u00e8re.&nbsp; Il a donc voulu qu&#8217;elle arr\u00eate et lui a pos\u00e9 un ultimatum : sa carri\u00e8re ou sa famille. Elle voulait tellement son ind\u00e9pendance qu&#8217;elle choisit sa carri\u00e8re.<br>Elle parle maintenant couramment l&#8217;allemand, le fran\u00e7ais, l&#8217;anglais et deux autres langues.<\/p>\n\n\n\n<p class=\"wp-block-paragraph\">Elle est fi\u00e8re de ce qu&#8217;elle a accompli et nous le sommes tous. Mais elle a toujours dit que m\u00eame si elle n\u2019a jamais regrett\u00e9 sa d\u00e9cision elle a r\u00e9alis\u00e9 que cela l&#8217;a beaucoup \u00e9loign\u00e9 de sa famille.&nbsp; C&#8217;est pourquoi No\u00ebl est si important pour elle, c&#8217;est l&#8217;une des seules p\u00e9riodes de l&#8217;ann\u00e9e o\u00f9 elle peut avoir sa famille au complet avec elle. C&#8217;est un moyen pour elle de se sentir mieux et peut-\u00eatre a-t-elle le sentiment de r\u00e9parer ses erreurs.<\/p>\n\n\n\n<p class=\"wp-block-paragraph\">J&#8217;aime beaucoup cette histoire (on en a eu des bien plus dr\u00f4les je vous l&#8217;accorde) mais elle a une morale qui est : peu importe qui vous \u00eates, d&#8217;o\u00f9&nbsp; vous venez, que vous soyez riche ou pauvre votre vie n&#8217;est pas la m\u00eame si vous n&#8217;avez pas votre famille \u00e0 vos c\u00f4t\u00e9s,&nbsp; parce que la famille est probablement la chose la plus importante.<\/p>\n","protected":false},"excerpt":{"rendered":"<p>Chaque ann\u00e9e, pendant le r\u00e9veillon du 24 d\u00e9cembre, il y a ce grand d\u00eener&nbsp;avec ma famille o\u00f9 l&#8217;on mange -beaucoup-, on rend gr\u00e2ce \u00e0 Dieu comme pour Thanksgiving- et puis ma grand-m\u00e8re s&#8217;adresse \u00e0&#46;&#46;&#46;<\/p>\n","protected":false},"author":1,"featured_media":0,"comment_status":"closed","ping_status":"closed","sticky":false,"template":"","format":"standard","meta":{"_crdt_document":"","footnotes":""},"categories":[6,7,13,28],"tags":[245,775,259],"class_list":["post-574","post","type-post","status-publish","format-standard","hentry","category-amour","category-voyage","category-traditions-et-legendes","category-travail","tag-cameroun","tag-famille","tag-noel"],"jetpack_featured_media_url":"","_links":{"self":[{"href":"https:\/\/grenierdecourbevoie.fr\/index.php\/wp-json\/wp\/v2\/posts\/574","targetHints":{"allow":["GET"]}}],"collection":[{"href":"https:\/\/grenierdecourbevoie.fr\/index.php\/wp-json\/wp\/v2\/posts"}],"about":[{"href":"https:\/\/grenierdecourbevoie.fr\/index.php\/wp-json\/wp\/v2\/types\/post"}],"author":[{"embeddable":true,"href":"https:\/\/grenierdecourbevoie.fr\/index.php\/wp-json\/wp\/v2\/users\/1"}],"replies":[{"embeddable":true,"href":"https:\/\/grenierdecourbevoie.fr\/index.php\/wp-json\/wp\/v2\/comments?post=574"}],"version-history":[{"count":1,"href":"https:\/\/grenierdecourbevoie.fr\/index.php\/wp-json\/wp\/v2\/posts\/574\/revisions"}],"predecessor-version":[{"id":575,"href":"https:\/\/grenierdecourbevoie.fr\/index.php\/wp-json\/wp\/v2\/posts\/574\/revisions\/575"}],"wp:attachment":[{"href":"https:\/\/grenierdecourbevoie.fr\/index.php\/wp-json\/wp\/v2\/media?parent=574"}],"wp:term":[{"taxonomy":"category","embeddable":true,"href":"https:\/\/grenierdecourbevoie.fr\/index.php\/wp-json\/wp\/v2\/categories?post=574"},{"taxonomy":"post_tag","embeddable":true,"href":"https:\/\/grenierdecourbevoie.fr\/index.php\/wp-json\/wp\/v2\/tags?post=574"}],"curies":[{"name":"wp","href":"https:\/\/api.w.org\/{rel}","templated":true}]}}