{"id":580,"date":"2022-10-28T11:07:11","date_gmt":"2022-10-28T09:07:11","guid":{"rendered":"http:\/\/grenierdecourbevoie.fr\/?p=580"},"modified":"2022-10-28T11:07:12","modified_gmt":"2022-10-28T09:07:12","slug":"la-famille-retrouvee","status":"publish","type":"post","link":"https:\/\/grenierdecourbevoie.fr\/index.php\/2022\/10\/28\/la-famille-retrouvee\/","title":{"rendered":"La famille retrouv\u00e9e"},"content":{"rendered":"\n<p class=\"wp-block-paragraph\">Ma grand-m\u00e8re a \u00e9t\u00e9 abandonn\u00e9e \u00e0 la naissance devant une \u00e9glise.<\/p>\n\n\n\n<p class=\"wp-block-paragraph\">Une famille l&#8217;a recueillie et d\u00e9pos\u00e9e dans un orphelinat. Elle y restera jusqu&#8217;a ses 6 ans puis elle sera adopt\u00e9e par un couple qui ne pouvait pas avoir d&#8217;enfants.<\/p>\n\n\n\n<p class=\"wp-block-paragraph\">Au d\u00e9c\u00e8s de sa m\u00e8re adoptive, elle a d\u00e9cid\u00e9 de rechercher ses origines, en allant a la DDASS ou on lui remit son dossier. Elle eut beaucoup de chance, sa m\u00e8re biologique y avait laiss\u00e9 des informations. Elle y d\u00e9couvrit qu&#8217;elle avait 4 s\u0153urs. A l&#8217;\u00e2ge de 65 ans et apr\u00e8s de multiples recherches, elle put retrouver ses s\u0153urs, mais seulement trois d\u2019entre elles car une \u00e9tait d\u00e9c\u00e9d\u00e9e.<\/p>\n","protected":false},"excerpt":{"rendered":"<p>Ma grand-m\u00e8re a \u00e9t\u00e9 abandonn\u00e9e \u00e0 la naissance devant une \u00e9glise. Une famille l&#8217;a recueillie et d\u00e9pos\u00e9e dans un orphelinat. Elle y restera jusqu&#8217;a ses 6 ans puis elle sera adopt\u00e9e par un couple&#46;&#46;&#46;<\/p>\n","protected":false},"author":1,"featured_media":0,"comment_status":"closed","ping_status":"closed","sticky":false,"template":"","format":"standard","meta":{"_crdt_document":"","footnotes":""},"categories":[1,9],"tags":[778,201,777,392],"class_list":["post-580","post","type-post","status-publish","format-standard","hentry","category-non-classe","category-enfance","tag-abandon","tag-adoption","tag-ddassfiliation","tag-orphelinat"],"jetpack_featured_media_url":"","_links":{"self":[{"href":"https:\/\/grenierdecourbevoie.fr\/index.php\/wp-json\/wp\/v2\/posts\/580","targetHints":{"allow":["GET"]}}],"collection":[{"href":"https:\/\/grenierdecourbevoie.fr\/index.php\/wp-json\/wp\/v2\/posts"}],"about":[{"href":"https:\/\/grenierdecourbevoie.fr\/index.php\/wp-json\/wp\/v2\/types\/post"}],"author":[{"embeddable":true,"href":"https:\/\/grenierdecourbevoie.fr\/index.php\/wp-json\/wp\/v2\/users\/1"}],"replies":[{"embeddable":true,"href":"https:\/\/grenierdecourbevoie.fr\/index.php\/wp-json\/wp\/v2\/comments?post=580"}],"version-history":[{"count":1,"href":"https:\/\/grenierdecourbevoie.fr\/index.php\/wp-json\/wp\/v2\/posts\/580\/revisions"}],"predecessor-version":[{"id":581,"href":"https:\/\/grenierdecourbevoie.fr\/index.php\/wp-json\/wp\/v2\/posts\/580\/revisions\/581"}],"wp:attachment":[{"href":"https:\/\/grenierdecourbevoie.fr\/index.php\/wp-json\/wp\/v2\/media?parent=580"}],"wp:term":[{"taxonomy":"category","embeddable":true,"href":"https:\/\/grenierdecourbevoie.fr\/index.php\/wp-json\/wp\/v2\/categories?post=580"},{"taxonomy":"post_tag","embeddable":true,"href":"https:\/\/grenierdecourbevoie.fr\/index.php\/wp-json\/wp\/v2\/tags?post=580"}],"curies":[{"name":"wp","href":"https:\/\/api.w.org\/{rel}","templated":true}]}}