{"id":612,"date":"2022-10-28T11:46:00","date_gmt":"2022-10-28T09:46:00","guid":{"rendered":"http:\/\/grenierdecourbevoie.fr\/?p=612"},"modified":"2022-10-28T11:46:00","modified_gmt":"2022-10-28T09:46:00","slug":"le-monde-est-vraiment-petit","status":"publish","type":"post","link":"https:\/\/grenierdecourbevoie.fr\/index.php\/2022\/10\/28\/le-monde-est-vraiment-petit\/","title":{"rendered":"Le monde est vraiment petit"},"content":{"rendered":"\n<p class=\"wp-block-paragraph\">C\u2019est l\u2019histoire de l\u2019arriv\u00e9e en France de mon p\u00e8re. C\u2019\u00e9tait la premi\u00e8re fois qu\u2019il voyageait et c\u2019\u00e9tait son tout premier jour en France.<\/p>\n\n\n\n<p class=\"wp-block-paragraph\">C\u2019\u00e9tait le 18 ao\u00fbt 1980. Il ne connaissait personne. Il prenait l\u2019avion pour la premi\u00e8re fois et tout \u00e9tait nouveau pour lui mais il se sentait bien, il voulait d\u00e9couvrir de nouvelles choses et tenter de nouvelles exp\u00e9riences. Il s\u2019imaginait cet environnement, avec des beaux b\u00e2timents, des rues propres et des beaux monuments. Il \u00e9tait certain de pouvoir s\u2019adapter \u00e0 une nouvelle vie.<\/p>\n\n\n\n<p class=\"wp-block-paragraph\">&nbsp;Il \u00e9tait assis tranquillement dans un fauteuil de l\u2019avion, tout seul en train de regarder par la fen\u00eatre. De temps en temps il regardait \u00e0 droite \u00e0 gauche les gens assis et il remarqua qu\u2019un des passagers l\u2019observait. Mais mon p\u00e8re ne fit pas tr\u00e8s attention et se replongea dans ses pens\u00e9es jusqu\u2019au moment o\u00f9 le myst\u00e9rieux observateur se d\u00e9cida \u00e0 lui parler. Il demanda \u00e0 mon p\u00e8re son nom, sa profession, il lui posa quelques questions sur sa vie et ses int\u00e9r\u00eats et ils devinrent amis. Ils pass\u00e8rent les deux heures restantes du vol \u00e0 parler d\u2019eux-m\u00eames.<\/p>\n\n\n\n<p class=\"wp-block-paragraph\">Le vol s\u2019acheva et les passagers pos\u00e8rent les pieds en France. Mon p\u00e8re d\u00e9couvrit la petite fraicheur de ce pays. Il n\u2019aimait pas la chaleur d\u2019Egypte alors cela tombait \u00e0 pic. Mon p\u00e8re ne savait toujours pas chez qui aller parce qu\u2019il ne connaissait personne \u00e0 Paris alors son nouvel ami lui proposa d\u2019aller habiter chez lui quelque temps jusqu&#8217;\u00e0 se trouver un petit appartement. Mon p\u00e8re accepta et partit avec cet homme. Ils parl\u00e8rent tout le long du chemin.<\/p>\n\n\n\n<p class=\"wp-block-paragraph\">Arriv\u00e9 chez nouvel ami, mon p\u00e8re d\u00e9posa sa valise et s\u2019assis. Son h\u00f4te lui fit visiter sa maison, l\u2019informa qu\u2019il vivait en collocation depuis deux mois, avec un autre jeune homme qui \u00e9tait tr\u00e8s sympa. Alors mon p\u00e8re et son ami mang\u00e8rent puis regard\u00e8rent la t\u00e9l\u00e9vision en attendant l\u2019arriv\u00e9e du colocataire inconnu.<\/p>\n\n\n\n<p class=\"wp-block-paragraph\">Ce dernier fit son entr\u00e9e. Mon p\u00e8re et lui rest\u00e8rent fig\u00e9s. C\u2019\u00e9tait en fait le meilleur ami d\u2019enfance de mon p\u00e8re et ils ne s\u2019\u00e9taient plus revus depuis presque dix ans. Oh mon Dieu&nbsp;!, ils pleur\u00e8rent, que le monde \u00e9tait petit&nbsp;!<\/p>\n\n\n\n<p class=\"wp-block-paragraph\">Son meilleur ami avait quitt\u00e9 l\u2019Egypte pour venir en France et essayer de gagner de l\u2019argent et de fonder une vie ici, alors leurs chemins s\u2019\u00e9taient s\u00e9par\u00e9s et voil\u00e0 qu\u2019ils se retrouvaient. Ils se serr\u00e8rent dans les bras. Ils se racont\u00e8rent tous ce qu\u2019ils avaient manqu\u00e9s dans la vie de chacun et ils se souvinrent de tous leurs moments de folle jeunesse. Ils ne se quitt\u00e8rent plus, comme des fr\u00e8res, jusqu&#8217;\u00e0 aujourd\u2019hui. Ils v\u00e9curent une vie harmonieuse et pleine de nouveaut\u00e9s, ils d\u00e9velopp\u00e8rent leur vie petit \u00e0 petit tout en restant soud\u00e9s.<\/p>\n\n\n\n<p class=\"wp-block-paragraph\">Ils visit\u00e8rent Paris ensemble, c\u2019\u00e9tait magnifique ! Ils virent beaucoup de choses, par exemple les \u00e9glises Sacr\u00e9-C\u0153ur et Montmartre, Notre-Dame, la Tour Eiffel, la D\u00e9fense, le Louvre, l\u2019Arc de Triomphe et les Champs-Elys\u00e9es. Cela fait maintenant 45 ans qu\u2019ils sont amis.<\/p>\n","protected":false},"excerpt":{"rendered":"<p>C\u2019est l\u2019histoire de l\u2019arriv\u00e9e en France de mon p\u00e8re. C\u2019\u00e9tait la premi\u00e8re fois qu\u2019il voyageait et c\u2019\u00e9tait son tout premier jour en France. C\u2019\u00e9tait le 18 ao\u00fbt 1980. Il ne connaissait personne. Il prenait&#46;&#46;&#46;<\/p>\n","protected":false},"author":1,"featured_media":0,"comment_status":"open","ping_status":"open","sticky":false,"template":"","format":"standard","meta":{"_crdt_document":"","footnotes":""},"categories":[6,7],"tags":[801,325,800],"class_list":["post-612","post","type-post","status-publish","format-standard","hentry","category-amour","category-voyage","tag-amitie","tag-egypte","tag-paris"],"jetpack_featured_media_url":"","_links":{"self":[{"href":"https:\/\/grenierdecourbevoie.fr\/index.php\/wp-json\/wp\/v2\/posts\/612","targetHints":{"allow":["GET"]}}],"collection":[{"href":"https:\/\/grenierdecourbevoie.fr\/index.php\/wp-json\/wp\/v2\/posts"}],"about":[{"href":"https:\/\/grenierdecourbevoie.fr\/index.php\/wp-json\/wp\/v2\/types\/post"}],"author":[{"embeddable":true,"href":"https:\/\/grenierdecourbevoie.fr\/index.php\/wp-json\/wp\/v2\/users\/1"}],"replies":[{"embeddable":true,"href":"https:\/\/grenierdecourbevoie.fr\/index.php\/wp-json\/wp\/v2\/comments?post=612"}],"version-history":[{"count":1,"href":"https:\/\/grenierdecourbevoie.fr\/index.php\/wp-json\/wp\/v2\/posts\/612\/revisions"}],"predecessor-version":[{"id":613,"href":"https:\/\/grenierdecourbevoie.fr\/index.php\/wp-json\/wp\/v2\/posts\/612\/revisions\/613"}],"wp:attachment":[{"href":"https:\/\/grenierdecourbevoie.fr\/index.php\/wp-json\/wp\/v2\/media?parent=612"}],"wp:term":[{"taxonomy":"category","embeddable":true,"href":"https:\/\/grenierdecourbevoie.fr\/index.php\/wp-json\/wp\/v2\/categories?post=612"},{"taxonomy":"post_tag","embeddable":true,"href":"https:\/\/grenierdecourbevoie.fr\/index.php\/wp-json\/wp\/v2\/tags?post=612"}],"curies":[{"name":"wp","href":"https:\/\/api.w.org\/{rel}","templated":true}]}}