{"id":618,"date":"2022-10-28T11:52:48","date_gmt":"2022-10-28T09:52:48","guid":{"rendered":"http:\/\/grenierdecourbevoie.fr\/?p=618"},"modified":"2022-10-28T11:52:50","modified_gmt":"2022-10-28T09:52:50","slug":"une-famille-sans-histoire","status":"publish","type":"post","link":"https:\/\/grenierdecourbevoie.fr\/index.php\/2022\/10\/28\/une-famille-sans-histoire\/","title":{"rendered":"Une famille sans histoire"},"content":{"rendered":"\n<p class=\"wp-block-paragraph\">Je n\u2019ai pas d\u2019histoire de famille. J\u2019ai beau chercher, je ne trouve pas.<\/p>\n\n\n\n<p class=\"wp-block-paragraph\">J\u2019ai demand\u00e9 \u00e0 mes parents, \u00e0 mes grand parents, mes tantes, mes oncles, mes cousins&nbsp;; rien ne vient. Il y a bien quelques souvenirs, par ci, par-l\u00e0, qui reviennent une ou deux fois, mais pas d\u2019histoire qui se raconte d\u2019ann\u00e9e en ann\u00e9e, pas d\u2019histoire que nous connaissons tous.<\/p>\n\n\n\n<p class=\"wp-block-paragraph\">En outre, je ne vois pas si souvent que \u00e7a ma famille.<\/p>\n\n\n\n<p class=\"wp-block-paragraph\">C\u00f4t\u00e9 paternel, ils habitent dans le Nord, et on ne leur rend quasiment jamais visite, mis \u00e0 part une tante et mes grands-parents qui sont en r\u00e9gion parisienne. C\u00f4t\u00e9 maternel, ils habitent en Limousin, et lorsqu\u2019on y va, on voit surtout la famille proche, si bien que j\u2019ignore une grande partie de mon arbre g\u00e9n\u00e9alogique.<\/p>\n\n\n\n<p class=\"wp-block-paragraph\">Quant aux souvenirs, ce sont simplement de bons moments, mais aucun n\u2019est ressass\u00e9 en permanence, si bien qu\u2019il n\u2019y a pas d\u2019histoire en particulier, pas de fait r\u00e9ellement propre \u00e0 la famille. Quand on se voit, on en profite pour s\u2019amuser, on ne revient pas souvent sur le pass\u00e9. Lorsque j\u2019ai demand\u00e9 une id\u00e9e \u00e0 ma famille, mon grand-p\u00e8re nous a quand m\u00eame racont\u00e9 un souvenir qu\u2019il avait de la 2nde Guerre Mondiale, dont il parle tr\u00e8s peu.<\/p>\n\n\n\n<p class=\"wp-block-paragraph\">C\u2019\u00e9tait \u00e0 la fin de la guerre, en 44, et il avait 11 ans. Il habitait \u00e0 Saint-Victurnien \u00e0 cette \u00e9poque et l\u2019horreur \u00e9tait pass\u00e9e deux semaines auparavant \u00e0 Oradour sur Glane, marquant tous les esprits. On avait annonc\u00e9 l\u2019arriv\u00e9e imminente des Allemands, des Boches, comme ils les appelaient. Le village fut \u00e9vacu\u00e9, mais son p\u00e8re refusa de partir et, craignant d\u2019\u00e9ventuels pillages, il resta chez lui. Heureusement, c\u2019\u00e9tait une fausse alerte, et rien ne se produisit.<\/p>\n\n\n\n<p class=\"wp-block-paragraph\">Il a aussi \u00e9voqu\u00e9 les maquisards, qui testaient les armes dans la for\u00eat, et en plaisantant, s\u2019est demand\u00e9 comment les allemands n\u2019arrivaient pas \u00e0 les retrouver, alors que tous les enfants du village les entendaient et savaient o\u00f9 ils se trouvaient. Les gens savaient se montrer tr\u00e8s discrets et encore aujourd\u2019hui, peu en parlent, et peu connaissent le vrai r\u00f4le de chacun, ceux qui ont aid\u00e9 les r\u00e9sistants ne s\u2019en vantent pas, restant dans l\u2019ombre.<\/p>\n\n\n\n<p class=\"wp-block-paragraph\">Bref, j\u2019ai une famille sans histoire.<\/p>\n\n\n\n<p class=\"wp-block-paragraph\">Maurine<\/p>\n","protected":false},"excerpt":{"rendered":"<p>Je n\u2019ai pas d\u2019histoire de famille. J\u2019ai beau chercher, je ne trouve pas. J\u2019ai demand\u00e9 \u00e0 mes parents, \u00e0 mes grand parents, mes tantes, mes oncles, mes cousins&nbsp;; rien ne vient. Il y a&#46;&#46;&#46;<\/p>\n","protected":false},"author":1,"featured_media":0,"comment_status":"closed","ping_status":"closed","sticky":false,"template":"","format":"standard","meta":{"_crdt_document":"","footnotes":""},"categories":[24],"tags":[299,376,814,813,810,812,811],"class_list":["post-618","post","type-post","status-publish","format-standard","hentry","category-guerre","tag-allemands","tag-deuxieme-guerre-mondiale","tag-limousin","tag-maquis","tag-nord","tag-oradour","tag-saint-victurnien"],"jetpack_featured_media_url":"","_links":{"self":[{"href":"https:\/\/grenierdecourbevoie.fr\/index.php\/wp-json\/wp\/v2\/posts\/618","targetHints":{"allow":["GET"]}}],"collection":[{"href":"https:\/\/grenierdecourbevoie.fr\/index.php\/wp-json\/wp\/v2\/posts"}],"about":[{"href":"https:\/\/grenierdecourbevoie.fr\/index.php\/wp-json\/wp\/v2\/types\/post"}],"author":[{"embeddable":true,"href":"https:\/\/grenierdecourbevoie.fr\/index.php\/wp-json\/wp\/v2\/users\/1"}],"replies":[{"embeddable":true,"href":"https:\/\/grenierdecourbevoie.fr\/index.php\/wp-json\/wp\/v2\/comments?post=618"}],"version-history":[{"count":1,"href":"https:\/\/grenierdecourbevoie.fr\/index.php\/wp-json\/wp\/v2\/posts\/618\/revisions"}],"predecessor-version":[{"id":619,"href":"https:\/\/grenierdecourbevoie.fr\/index.php\/wp-json\/wp\/v2\/posts\/618\/revisions\/619"}],"wp:attachment":[{"href":"https:\/\/grenierdecourbevoie.fr\/index.php\/wp-json\/wp\/v2\/media?parent=618"}],"wp:term":[{"taxonomy":"category","embeddable":true,"href":"https:\/\/grenierdecourbevoie.fr\/index.php\/wp-json\/wp\/v2\/categories?post=618"},{"taxonomy":"post_tag","embeddable":true,"href":"https:\/\/grenierdecourbevoie.fr\/index.php\/wp-json\/wp\/v2\/tags?post=618"}],"curies":[{"name":"wp","href":"https:\/\/api.w.org\/{rel}","templated":true}]}}