{"id":701,"date":"2022-11-01T19:14:17","date_gmt":"2022-11-01T18:14:17","guid":{"rendered":"http:\/\/grenierdecourbevoie.fr\/?p=701"},"modified":"2022-11-01T19:14:30","modified_gmt":"2022-11-01T18:14:30","slug":"la-moto-de-la-mort","status":"publish","type":"post","link":"https:\/\/grenierdecourbevoie.fr\/index.php\/2022\/11\/01\/la-moto-de-la-mort\/","title":{"rendered":"La moto de la mort"},"content":{"rendered":"\n<p class=\"wp-block-paragraph\">Quand j\u2019avais 3 ans, je suis partie en vacances chez ma grand-m\u00e8re, dont la maison est un peu retir\u00e9e et accessible par un long chemin priv\u00e9. Sur un coup de t\u00eate, j\u2019ai d\u00e9cid\u00e9 de monter sur la moto \u00e9lectrique de mon cousin. Cependant, alors que mon grand fr\u00e8re qui avait 4 ans \u00e0 l\u2019\u00e9poque avait le droit de jouer avec, moi je ne pouvais pas. Tout le monde me trouvait intr\u00e9pide, car je faisais toutes les b\u00eatises qui me passaient par la t\u00eate, notamment escalader tout et n\u2019importe quoi. Mes parents avaient peur de ne pas me voir grandir, pensant que je ne survivrais pas longtemps.<br>J\u2019ai commenc\u00e9 \u00e0 descendre le chemin, lorsque je me suis aper\u00e7ue que je ne pouvais pas atteindre les freins. Mon fr\u00e8re l\u2019a compris et s\u2019est pr\u00e9cipit\u00e9 pour pr\u00e9venir mes parents. Il paniquait et parlait tellement vite que seule ma grand-m\u00e8re a r\u00e9ussi \u00e0 comprendre ce qu\u2019il disait. Elle n\u2019a pas pris le temps d\u2019expliquer ce qui se passait et a couru pour arr\u00eater la moto avant qu\u2019elle n\u2019atteigne la grande route, o\u00f9 de gros camions l\u2019auraient d\u00e9truite et fait du sashimi de Lorraine.<\/p>\n","protected":false},"excerpt":{"rendered":"<p>Quand j\u2019avais 3 ans, je suis partie en vacances chez ma grand-m\u00e8re, dont la maison est un peu retir\u00e9e et accessible par un long chemin priv\u00e9. Sur un coup de t\u00eate, j\u2019ai d\u00e9cid\u00e9 de&#46;&#46;&#46;<\/p>\n","protected":false},"author":1,"featured_media":0,"comment_status":"closed","ping_status":"closed","sticky":false,"template":"","format":"standard","meta":{"_crdt_document":"","footnotes":""},"categories":[15,9,11],"tags":[662,869],"class_list":["post-701","post","type-post","status-publish","format-standard","hentry","category-accidents","category-enfance","category-objets","tag-betise","tag-moto"],"jetpack_featured_media_url":"","_links":{"self":[{"href":"https:\/\/grenierdecourbevoie.fr\/index.php\/wp-json\/wp\/v2\/posts\/701","targetHints":{"allow":["GET"]}}],"collection":[{"href":"https:\/\/grenierdecourbevoie.fr\/index.php\/wp-json\/wp\/v2\/posts"}],"about":[{"href":"https:\/\/grenierdecourbevoie.fr\/index.php\/wp-json\/wp\/v2\/types\/post"}],"author":[{"embeddable":true,"href":"https:\/\/grenierdecourbevoie.fr\/index.php\/wp-json\/wp\/v2\/users\/1"}],"replies":[{"embeddable":true,"href":"https:\/\/grenierdecourbevoie.fr\/index.php\/wp-json\/wp\/v2\/comments?post=701"}],"version-history":[{"count":2,"href":"https:\/\/grenierdecourbevoie.fr\/index.php\/wp-json\/wp\/v2\/posts\/701\/revisions"}],"predecessor-version":[{"id":703,"href":"https:\/\/grenierdecourbevoie.fr\/index.php\/wp-json\/wp\/v2\/posts\/701\/revisions\/703"}],"wp:attachment":[{"href":"https:\/\/grenierdecourbevoie.fr\/index.php\/wp-json\/wp\/v2\/media?parent=701"}],"wp:term":[{"taxonomy":"category","embeddable":true,"href":"https:\/\/grenierdecourbevoie.fr\/index.php\/wp-json\/wp\/v2\/categories?post=701"},{"taxonomy":"post_tag","embeddable":true,"href":"https:\/\/grenierdecourbevoie.fr\/index.php\/wp-json\/wp\/v2\/tags?post=701"}],"curies":[{"name":"wp","href":"https:\/\/api.w.org\/{rel}","templated":true}]}}