{"id":739,"date":"2022-11-04T19:32:40","date_gmt":"2022-11-04T18:32:40","guid":{"rendered":"http:\/\/grenierdecourbevoie.fr\/?p=739"},"modified":"2022-11-04T19:32:40","modified_gmt":"2022-11-04T18:32:40","slug":"le-sifflement-miraculeux","status":"publish","type":"post","link":"https:\/\/grenierdecourbevoie.fr\/index.php\/2022\/11\/04\/le-sifflement-miraculeux\/","title":{"rendered":"Le sifflement miraculeux"},"content":{"rendered":"\n<p class=\"wp-block-paragraph\">Mon grand-p\u00e8re Fran\u00e7ois est n\u00e9 en 1943 dans une famille assez catholique. Sa m\u00e8re allait \u00e0 la messe tous les dimanches, portait tout le temps des v\u00eatements bleu marine etc.<\/p>\n\n\n\n<p class=\"wp-block-paragraph\">D\u00e8s l&#8217;\u00e2ge de 10 il fut oblig\u00e9 d&#8217;aller au cat\u00e9chisme apr\u00e8s l&#8217;\u00e9cole.<\/p>\n\n\n\n<p class=\"wp-block-paragraph\">A chaque fois c&#8217;\u00e9tait la m\u00eame chose, des heures d&#8217;ennui \u00e0 \u00e9couter le vieux pr\u00eatre parler, \u00e9videmment cela n&#8217;int\u00e9ressait absolument pas mon grand-p\u00e8re qui \u00e9tait un enfant assez turbulent. Du coup pendant les s\u00e9ances, il jouait avec ses copains, parlait, dessinait&#8230;<\/p>\n\n\n\n<p class=\"wp-block-paragraph\">Un jour, un de ses amis d\u00e9cida de lui apprendre a siffler. Malheureusement, malgr\u00e9 des heures d&#8217;entrainement, il n&#8217;y \u00e9tait encore jamais arriv\u00e9.<\/p>\n\n\n\n<p class=\"wp-block-paragraph\">Un mercredi pendant une des s\u00e9ances ou le pr\u00eatre monologuait, il essaya une fois de plus&#8230;<\/p>\n\n\n\n<p class=\"wp-block-paragraph\">Et l\u00e0, miracle ! Pour la premi\u00e8re et la derni\u00e8re fois de sa vie, il produisit un looong sifflement sui r\u00e9sonna dans toute l&#8217;\u00e9glise.<\/p>\n\n\n\n<p class=\"wp-block-paragraph\">Le pr\u00eatre, rouge de col\u00e8re, lui demanda de r\u00e9p\u00e9ter ce se qu&#8217;il venait de dire. Mon grand p\u00e8re en fut \u00e9videmment incapable tellement il riait. Finalement le pr\u00eatre cria : \u00ab&nbsp;Fran\u00e7ois, DANS L&#8217;ALLEE !&nbsp;\u00bb Et toujours sous les \u00e9clats de rire de ses camarades, il d\u00fbt subir un sacr\u00e9 sermon.<\/p>\n","protected":false},"excerpt":{"rendered":"<p>Mon grand-p\u00e8re Fran\u00e7ois est n\u00e9 en 1943 dans une famille assez catholique. Sa m\u00e8re allait \u00e0 la messe tous les dimanches, portait tout le temps des v\u00eatements bleu marine etc. D\u00e8s l&#8217;\u00e2ge de 10&#46;&#46;&#46;<\/p>\n","protected":false},"author":1,"featured_media":0,"comment_status":"closed","ping_status":"closed","sticky":false,"template":"","format":"standard","meta":{"_crdt_document":"","footnotes":""},"categories":[9],"tags":[662,728,717,900],"class_list":["post-739","post","type-post","status-publish","format-standard","hentry","category-enfance","tag-betise","tag-catholique","tag-messe","tag-siffler"],"jetpack_featured_media_url":"","_links":{"self":[{"href":"https:\/\/grenierdecourbevoie.fr\/index.php\/wp-json\/wp\/v2\/posts\/739","targetHints":{"allow":["GET"]}}],"collection":[{"href":"https:\/\/grenierdecourbevoie.fr\/index.php\/wp-json\/wp\/v2\/posts"}],"about":[{"href":"https:\/\/grenierdecourbevoie.fr\/index.php\/wp-json\/wp\/v2\/types\/post"}],"author":[{"embeddable":true,"href":"https:\/\/grenierdecourbevoie.fr\/index.php\/wp-json\/wp\/v2\/users\/1"}],"replies":[{"embeddable":true,"href":"https:\/\/grenierdecourbevoie.fr\/index.php\/wp-json\/wp\/v2\/comments?post=739"}],"version-history":[{"count":1,"href":"https:\/\/grenierdecourbevoie.fr\/index.php\/wp-json\/wp\/v2\/posts\/739\/revisions"}],"predecessor-version":[{"id":740,"href":"https:\/\/grenierdecourbevoie.fr\/index.php\/wp-json\/wp\/v2\/posts\/739\/revisions\/740"}],"wp:attachment":[{"href":"https:\/\/grenierdecourbevoie.fr\/index.php\/wp-json\/wp\/v2\/media?parent=739"}],"wp:term":[{"taxonomy":"category","embeddable":true,"href":"https:\/\/grenierdecourbevoie.fr\/index.php\/wp-json\/wp\/v2\/categories?post=739"},{"taxonomy":"post_tag","embeddable":true,"href":"https:\/\/grenierdecourbevoie.fr\/index.php\/wp-json\/wp\/v2\/tags?post=739"}],"curies":[{"name":"wp","href":"https:\/\/api.w.org\/{rel}","templated":true}]}}