{"id":741,"date":"2022-11-04T19:34:16","date_gmt":"2022-11-04T18:34:16","guid":{"rendered":"http:\/\/grenierdecourbevoie.fr\/?p=741"},"modified":"2022-11-04T19:36:40","modified_gmt":"2022-11-04T18:36:40","slug":"buche-et-embuches","status":"publish","type":"post","link":"https:\/\/grenierdecourbevoie.fr\/index.php\/2022\/11\/04\/buche-et-embuches\/","title":{"rendered":"B\u00fbche et embuches"},"content":{"rendered":"\n<p class=\"wp-block-paragraph\">Depuis toujours, chaque ann\u00e9e lors du repas du r\u00e9veillon de No\u00ebl, les adultes se font des clins d&#8217;\u0153il et sourient, quand arrive l&#8217;heure du dessert. Je me suis toujours demand\u00e9e pourquoi. A l&#8217;\u00e2ge de sept ans mes grands-parents m&#8217;ont donn\u00e9 la clef du myst\u00e8re, en me racontant cette histoire :<\/p>\n\n\n\n<p class=\"wp-block-paragraph\">Quelques ann\u00e9es avant ma naissance, ils f\u00eataient No\u00ebl sur l&#8217;\u00eele de Noirmoutier. Toute la famille \u00e9tait d\u00e9j\u00e0 sur place, attendant mon oncle, qui venait de Paris et \u00e9tait charg\u00e9 d&#8217;apporter le dessert : une grosse b\u00fbche de No\u00ebl.<\/p>\n\n\n\n<p class=\"wp-block-paragraph\">Mais il avait compl\u00e9tement oubli\u00e9 qu&#8217;il y avait des mar\u00e9es et donc que les conducteurs avaient des heures sp\u00e9cifiques pour traverser le Passage du Gois, la route submersible reliant Noirmoutier et le continent.<\/p>\n\n\n\n<p class=\"wp-block-paragraph\">Mon oncle se retrouva pi\u00e9g\u00e9 par la mer et d\u00fbt attendre quatre heures et demie avant de pouvoir emprunter le passage.<\/p>\n\n\n\n<p class=\"wp-block-paragraph\">Il est bien s\u00fbr arriv\u00e9 tr\u00e8s en retard chez mes grands-parents. La famille avait commenc\u00e9 le repas&#8230; mais il a pass\u00e9 la porte juste \u00e0 temps pour le dessert.<\/p>\n","protected":false},"excerpt":{"rendered":"<p>Depuis toujours, chaque ann\u00e9e lors du repas du r\u00e9veillon de No\u00ebl, les adultes se font des clins d&#8217;\u0153il et sourient, quand arrive l&#8217;heure du dessert. Je me suis toujours demand\u00e9e pourquoi. A l&#8217;\u00e2ge de&#46;&#46;&#46;<\/p>\n","protected":false},"author":1,"featured_media":0,"comment_status":"closed","ping_status":"closed","sticky":false,"template":"","format":"standard","meta":{"_crdt_document":"","footnotes":""},"categories":[15,8,12],"tags":[526,259,902,901],"class_list":["post-741","post","type-post","status-publish","format-standard","hentry","category-accidents","category-cuisine","category-vacances-et-fetes","tag-buche","tag-noel","tag-noirmoutier","tag-passage-du-gois"],"jetpack_featured_media_url":"","_links":{"self":[{"href":"https:\/\/grenierdecourbevoie.fr\/index.php\/wp-json\/wp\/v2\/posts\/741","targetHints":{"allow":["GET"]}}],"collection":[{"href":"https:\/\/grenierdecourbevoie.fr\/index.php\/wp-json\/wp\/v2\/posts"}],"about":[{"href":"https:\/\/grenierdecourbevoie.fr\/index.php\/wp-json\/wp\/v2\/types\/post"}],"author":[{"embeddable":true,"href":"https:\/\/grenierdecourbevoie.fr\/index.php\/wp-json\/wp\/v2\/users\/1"}],"replies":[{"embeddable":true,"href":"https:\/\/grenierdecourbevoie.fr\/index.php\/wp-json\/wp\/v2\/comments?post=741"}],"version-history":[{"count":2,"href":"https:\/\/grenierdecourbevoie.fr\/index.php\/wp-json\/wp\/v2\/posts\/741\/revisions"}],"predecessor-version":[{"id":746,"href":"https:\/\/grenierdecourbevoie.fr\/index.php\/wp-json\/wp\/v2\/posts\/741\/revisions\/746"}],"wp:attachment":[{"href":"https:\/\/grenierdecourbevoie.fr\/index.php\/wp-json\/wp\/v2\/media?parent=741"}],"wp:term":[{"taxonomy":"category","embeddable":true,"href":"https:\/\/grenierdecourbevoie.fr\/index.php\/wp-json\/wp\/v2\/categories?post=741"},{"taxonomy":"post_tag","embeddable":true,"href":"https:\/\/grenierdecourbevoie.fr\/index.php\/wp-json\/wp\/v2\/tags?post=741"}],"curies":[{"name":"wp","href":"https:\/\/api.w.org\/{rel}","templated":true}]}}