{"id":755,"date":"2022-11-04T19:50:22","date_gmt":"2022-11-04T18:50:22","guid":{"rendered":"http:\/\/grenierdecourbevoie.fr\/?p=755"},"modified":"2022-11-04T19:50:23","modified_gmt":"2022-11-04T18:50:23","slug":"le-fantome-de-bab-el-oued","status":"publish","type":"post","link":"https:\/\/grenierdecourbevoie.fr\/index.php\/2022\/11\/04\/le-fantome-de-bab-el-oued\/","title":{"rendered":"Le fant\u00f4me de Bab el Oued"},"content":{"rendered":"\n<p class=\"wp-block-paragraph\">Il y a quatre ans, mon grand-p\u00e8re, Maurice, d\u00e9c\u00e9da.<\/p>\n\n\n\n<p class=\"wp-block-paragraph\">Avant sa mort, il avait \u00e9crit un livre sur ses souvenirs d\u2019enfance \u00e0 Alger.<\/p>\n\n\n\n<p class=\"wp-block-paragraph\">J&#8217;ai lu ce livre et je l&#8217;ai trouv\u00e9 tr\u00e8s \u00e9mouvant. Il parle des \u00e9v\u00e8nements les plus marquants de sa vie.<\/p>\n\n\n\n<p class=\"wp-block-paragraph\">L&#8217;un d&#8217;entre eux m&#8217;a marqu\u00e9.<\/p>\n\n\n\n<p class=\"wp-block-paragraph\">En 1944, mon grand-p\u00e8re avait environ 13 ans. Il \u00e9tait \u00e0 l&#8217;\u00e9cole, et puisque c&#8217;\u00e9tait une journ\u00e9e particuli\u00e8rement chaude, l&#8217;\u00e9cole avait autoris\u00e9 les \u00e9l\u00e8ves \u00e0 sortir un peu plus t\u00f4t.<\/p>\n\n\n\n<p class=\"wp-block-paragraph\">L&#8217;un des camarades de Maurice, surnomm\u00e9 Guez, \u00e9tait tellement excit\u00e9 qu&#8217;il proposa \u00e0 mon grand-p\u00e8re de faire la course jusqu&#8217;\u00e0 la rue Bab El Oued. Il accepta et commen\u00e7a \u00e0 courir aussi vite qu&#8217;il le pouvait. Mais son camarade allait beaucoup plus vite que lui et Maurice ne parvint pas \u00e0 le rattraper. Essouffl\u00e9, il s&#8217;arr\u00eata et jeta l&#8217;\u00e9ponge. Guez continua sa course et arriva au carrefour qui menait \u00e0 la rue Bab El Oued. Un camion de la Royal Navy arriva subitement et le percuta. T\u00e9moin impuissant de l&#8217;incident, mon grand-p\u00e8re fut terrifi\u00e9 et rentra chez lui. Il \u00e9tait persuad\u00e9 que Guez \u00e9tait mort et toute sa vie il ne put oublier ce jour&#8230;<\/p>\n\n\n\n<p class=\"wp-block-paragraph\">J&#8217;ai pass\u00e9 mes vacances chez ma grand-m\u00e8re, qui vit d\u00e9sormais seule. Le soir de No\u00ebl, nous avons reparl\u00e9 de cette histoire et elle m&#8217;a appris qu&#8217;elle avait rencontr\u00e9 Guez, deux ans auparavant. Il \u00e9tait en bonne sant\u00e9 et avait gard\u00e9 seulement quelques cicatrices de l&#8217;accident. Quand ma grand-m\u00e8re l&#8217;a vu, elle s&#8217;est sentie soulag\u00e9e et a pens\u00e9 tr\u00e8s fort \u00e0 son mari.<\/p>\n","protected":false},"excerpt":{"rendered":"<p>Il y a quatre ans, mon grand-p\u00e8re, Maurice, d\u00e9c\u00e9da. Avant sa mort, il avait \u00e9crit un livre sur ses souvenirs d\u2019enfance \u00e0 Alger. J&#8217;ai lu ce livre et je l&#8217;ai trouv\u00e9 tr\u00e8s \u00e9mouvant. Il&#46;&#46;&#46;<\/p>\n","protected":false},"author":1,"featured_media":0,"comment_status":"closed","ping_status":"closed","sticky":false,"template":"","format":"standard","meta":{"_crdt_document":"","footnotes":""},"categories":[15,9,24],"tags":[16,912,376,167,913],"class_list":["post-755","post","type-post","status-publish","format-standard","hentry","category-accidents","category-enfance","category-guerre","tag-algerie","tag-bab-el-oued","tag-deuxieme-guerre-mondiale","tag-ecole","tag-royal-navy"],"jetpack_featured_media_url":"","_links":{"self":[{"href":"https:\/\/grenierdecourbevoie.fr\/index.php\/wp-json\/wp\/v2\/posts\/755","targetHints":{"allow":["GET"]}}],"collection":[{"href":"https:\/\/grenierdecourbevoie.fr\/index.php\/wp-json\/wp\/v2\/posts"}],"about":[{"href":"https:\/\/grenierdecourbevoie.fr\/index.php\/wp-json\/wp\/v2\/types\/post"}],"author":[{"embeddable":true,"href":"https:\/\/grenierdecourbevoie.fr\/index.php\/wp-json\/wp\/v2\/users\/1"}],"replies":[{"embeddable":true,"href":"https:\/\/grenierdecourbevoie.fr\/index.php\/wp-json\/wp\/v2\/comments?post=755"}],"version-history":[{"count":1,"href":"https:\/\/grenierdecourbevoie.fr\/index.php\/wp-json\/wp\/v2\/posts\/755\/revisions"}],"predecessor-version":[{"id":756,"href":"https:\/\/grenierdecourbevoie.fr\/index.php\/wp-json\/wp\/v2\/posts\/755\/revisions\/756"}],"wp:attachment":[{"href":"https:\/\/grenierdecourbevoie.fr\/index.php\/wp-json\/wp\/v2\/media?parent=755"}],"wp:term":[{"taxonomy":"category","embeddable":true,"href":"https:\/\/grenierdecourbevoie.fr\/index.php\/wp-json\/wp\/v2\/categories?post=755"},{"taxonomy":"post_tag","embeddable":true,"href":"https:\/\/grenierdecourbevoie.fr\/index.php\/wp-json\/wp\/v2\/tags?post=755"}],"curies":[{"name":"wp","href":"https:\/\/api.w.org\/{rel}","templated":true}]}}