{"id":761,"date":"2022-11-04T19:56:17","date_gmt":"2022-11-04T18:56:17","guid":{"rendered":"http:\/\/grenierdecourbevoie.fr\/?p=761"},"modified":"2022-11-04T19:56:17","modified_gmt":"2022-11-04T18:56:17","slug":"les-aventures-de-mathieu","status":"publish","type":"post","link":"https:\/\/grenierdecourbevoie.fr\/index.php\/2022\/11\/04\/les-aventures-de-mathieu\/","title":{"rendered":"Les aventures de Mathieu"},"content":{"rendered":"\n<p class=\"wp-block-paragraph\">Cela s\u2019est pass\u00e9 il y a trois ans durant l\u2019\u00e9t\u00e9. Mon cousin, Mathieu, avait dix-huit ans depuis 5 mois et travaillait au Monoprix des Champs \u00c9lys\u00e9es pour gagner un peu d\u2019argent. Un soir il d\u00e9cida de voir ses quelques amis qui \u00e9taient rest\u00e9s \u00e0 Asni\u00e8res. Il alla donc \u00e0 une soir\u00e9e organis\u00e9e par l\u2019un d\u2019entre eux et s\u2019en alla vers 23 heures avec deux de ses amis, un gar\u00e7on et une fille, car il devait travailler le lendemain.&nbsp; L\u2019alcool les avait un peu mis en joie et lorsqu\u2019ils virent le vieux scooter, abandonn\u00e9 depuis 18 mois devant leur lyc\u00e9e, ils entreprirent de faire des photos de la vieille carcasse.<\/p>\n\n\n\n<p class=\"wp-block-paragraph\">Alors qu\u2019ils rigolaient, peut-\u00eatre un peu trop fort, un vieux monsieur, cach\u00e9 derri\u00e8re ses rideaux, les observait. Il appela la Police d\u00e9non\u00e7ant alors \u00ab&nbsp;trois jeunes compl\u00e8tement bourr\u00e9s d\u00e9t\u00e9riorant la propri\u00e9t\u00e9 d\u2019autrui et qui \u00e9taient si bruyants que tout le quartier allait \u00eatre r\u00e9veill\u00e9&nbsp;\u00bb.<\/p>\n\n\n\n<p class=\"wp-block-paragraph\">Quelques minutes plus tard la Police est arriv\u00e9e et a constat\u00e9 les d\u00e9g\u00e2ts&nbsp;: un vieux scooter dans la rue avec trois jeunes un peu joyeux prenant des photos dessus. Apparemment ils n\u2019avaient rien \u00e0 faire en cette nuit de mois d\u2019ao\u00fbt car les policiers pass\u00e8rent les menottes \u00e0 mon cousin et ses amis, direction le commissariat. Mathieu avait ses menottes accroch\u00e9es \u00e0 sa chaise \u00e0 l\u2019image d\u2019un dangereux criminel. Les policiers interrog\u00e8rent les trois ados et les accus\u00e8rent d\u2019\u00eatre des d\u00e9linquants. A trois heures du matin, la Police a appel\u00e9 mon oncle, lui racontant ce que mon cousin \u00e9tait suppos\u00e9 avoir fait et lui demandant de venir chercher son \u00ab&nbsp;d\u00e9linquant&nbsp;\u00bb de fils car ce dernier avait trop bu.<\/p>\n\n\n\n<p class=\"wp-block-paragraph\">Lorsqu\u2019il entra dans le commissariat mon oncle Luc retrouva les parents des deux amis de Mathieu et bien qu\u2019ayant \u00ab&nbsp;la t\u00eate dans le gaz&nbsp;\u00bb ils \u00e9taient assez r\u00e9veill\u00e9s pour constater que leurs enfants n\u2019\u00e9taient pas saouls.<\/p>\n\n\n\n<p class=\"wp-block-paragraph\">Finalement Luc et Mathieu rentr\u00e8rent chez eux. Le jour suivant, ils retourn\u00e8rent au poste de police et firent remarquer que le scooter \u00e9tait abandonn\u00e9 depuis plus d\u2019un an et que peut-\u00eatre le vieux monsieur avait un peu exag\u00e9r\u00e9 \u00e0 propos du bruit. En tant qu\u2019avocat Luc savait que l\u2019affaire allait \u00eatre class\u00e9e en un jour. Heureusement, cette derni\u00e8re n\u2019a pas \u00e9t\u00e9 pr\u00e9sent\u00e9e au Tribunal.<\/p>\n\n\n\n<p class=\"wp-block-paragraph\">Quelques jours plus tard Mathieu se fit voler son t\u00e9l\u00e9phone et lorsqu\u2019il voulut enregistrer une plainte, la polici\u00e8re refusa de la prendre pr\u00e9textant qu\u2019il ne connaissait pas le code IMEI de son mobil. Alors, mon oncle revint encore une fois au commissariat et fit remarquer \u00e0 la polici\u00e8re&nbsp;: \u00abQuand quelqu\u2019un vole votre portefeuille, je ne suis pas s\u00fbr que vous connaissiez les num\u00e9ros de s\u00e9rie des billets qui s\u2019y trouvent\u00bb. La fille ne sut quoi r\u00e9pondre et demanda de l\u2019aide \u00e0 son sup\u00e9rieur qui lui r\u00e9pondit d\u2019enregistrer la plainte.<\/p>\n\n\n\n<p class=\"wp-block-paragraph\">Depuis cet \u00e9t\u00e9, mon cousin se m\u00e9fie des policiers et ne prend plus de photos avec ses amis dans la rue, la nuit.<\/p>\n","protected":false},"excerpt":{"rendered":"<p>Cela s\u2019est pass\u00e9 il y a trois ans durant l\u2019\u00e9t\u00e9. Mon cousin, Mathieu, avait dix-huit ans depuis 5 mois et travaillait au Monoprix des Champs \u00c9lys\u00e9es pour gagner un peu d\u2019argent. Un soir il&#46;&#46;&#46;<\/p>\n","protected":false},"author":1,"featured_media":0,"comment_status":"closed","ping_status":"closed","sticky":false,"template":"","format":"standard","meta":{"_crdt_document":"","footnotes":""},"categories":[15],"tags":[927,922,926,266,924,923,925],"class_list":["post-761","post","type-post","status-publish","format-standard","hentry","category-accidents","tag-adolescents","tag-arrestation","tag-asnieres","tag-incendie","tag-plainte","tag-police","tag-scooter"],"jetpack_featured_media_url":"","_links":{"self":[{"href":"https:\/\/grenierdecourbevoie.fr\/index.php\/wp-json\/wp\/v2\/posts\/761","targetHints":{"allow":["GET"]}}],"collection":[{"href":"https:\/\/grenierdecourbevoie.fr\/index.php\/wp-json\/wp\/v2\/posts"}],"about":[{"href":"https:\/\/grenierdecourbevoie.fr\/index.php\/wp-json\/wp\/v2\/types\/post"}],"author":[{"embeddable":true,"href":"https:\/\/grenierdecourbevoie.fr\/index.php\/wp-json\/wp\/v2\/users\/1"}],"replies":[{"embeddable":true,"href":"https:\/\/grenierdecourbevoie.fr\/index.php\/wp-json\/wp\/v2\/comments?post=761"}],"version-history":[{"count":1,"href":"https:\/\/grenierdecourbevoie.fr\/index.php\/wp-json\/wp\/v2\/posts\/761\/revisions"}],"predecessor-version":[{"id":762,"href":"https:\/\/grenierdecourbevoie.fr\/index.php\/wp-json\/wp\/v2\/posts\/761\/revisions\/762"}],"wp:attachment":[{"href":"https:\/\/grenierdecourbevoie.fr\/index.php\/wp-json\/wp\/v2\/media?parent=761"}],"wp:term":[{"taxonomy":"category","embeddable":true,"href":"https:\/\/grenierdecourbevoie.fr\/index.php\/wp-json\/wp\/v2\/categories?post=761"},{"taxonomy":"post_tag","embeddable":true,"href":"https:\/\/grenierdecourbevoie.fr\/index.php\/wp-json\/wp\/v2\/tags?post=761"}],"curies":[{"name":"wp","href":"https:\/\/api.w.org\/{rel}","templated":true}]}}