{"id":768,"date":"2022-11-04T20:03:33","date_gmt":"2022-11-04T19:03:33","guid":{"rendered":"http:\/\/grenierdecourbevoie.fr\/?p=768"},"modified":"2022-11-04T20:06:15","modified_gmt":"2022-11-04T19:06:15","slug":"proposition-royale","status":"publish","type":"post","link":"https:\/\/grenierdecourbevoie.fr\/index.php\/2022\/11\/04\/proposition-royale\/","title":{"rendered":"Proposition royale"},"content":{"rendered":"\n<p class=\"wp-block-paragraph\">C&#8217;est au d\u00e9but des ann\u00e9es 30 que l&#8217;oncle Xavier et deux de ses fr\u00e8res quitt\u00e8rent Douarnenez, un important port de p\u00eache du nord de la Bretagne, pour s&#8217;installer dans la ville plus ensoleill\u00e9e de St Jean de Luz o\u00f9 ils mont\u00e8rent une entreprise de caisses en bois servant \u00e0 transporter le poisson.<\/p>\n\n\n\n<p class=\"wp-block-paragraph\">Un soir, apr\u00e8s le travail, les trois fr\u00e8res all\u00e8rent boire un verre dans un bar. Passionn\u00e9s de bateaux, ils se lanc\u00e8rent bien vite dans une discussion anim\u00e9e (et bruyante, il faut l&#8217;avouer) sur le sujet. Un Espagnol assis \u00e0 la table voisine et comprenant apparemment bien le fran\u00e7ais ne put s&#8217;emp\u00eacher de s&#8217;approcher, leur disant que, s&#8217;ils \u00e9taient int\u00e9ress\u00e9s, il pouvait leur vendre trois voiliers de course.<\/p>\n\n\n\n<p class=\"wp-block-paragraph\">Les fr\u00e8res accept\u00e8rent et l&#8217;autre les mena au port, leur pr\u00e9sentant trois superbes bateaux, \u00e9lanc\u00e9s et l\u00e9gers, de vrais bijoux. La somme demand\u00e9e \u00e9tant si faible compar\u00e9e \u00e0 la qualit\u00e9 de ces yachts, les Bretons n&#8217;h\u00e9sit\u00e8rent pas. Alors que l&#8217;Espagnol allait les quitter, l&#8217;oncle Xavier, intrigu\u00e9 par la somptuosit\u00e9 des voiliers, s\u2019enquit de leur provenance. L&#8217;homme leur r\u00e9v\u00e9la alors qu&#8217;ils appartenaient au Roi d&#8217;Espagne Alphonse XIII, exil\u00e9 \u00e0 cause de la r\u00e9volution.<\/p>\n\n\n\n<p class=\"wp-block-paragraph\">Les ann\u00e9es suivantes, les fr\u00e8res particip\u00e8rent \u00e0 de nombreuses r\u00e9gates, en en remport\u00e8rent beaucoup. Cependant un seul des voiliers a surv\u00e9cu, l&#8217;un ayant \u00e9t\u00e9 r\u00e9quisitionn\u00e9 pendant la guerre et le deuxi\u00e8me coul\u00e9 par les Allemands.<\/p>\n","protected":false},"excerpt":{"rendered":"<p>C&#8217;est au d\u00e9but des ann\u00e9es 30 que l&#8217;oncle Xavier et deux de ses fr\u00e8res quitt\u00e8rent Douarnenez, un important port de p\u00eache du nord de la Bretagne, pour s&#8217;installer dans la ville plus ensoleill\u00e9e de&#46;&#46;&#46;<\/p>\n","protected":false},"author":1,"featured_media":0,"comment_status":"closed","ping_status":"closed","sticky":false,"template":"","format":"standard","meta":{"_crdt_document":"","footnotes":""},"categories":[1,7,28],"tags":[299,732,300,935,312,939,934,936],"class_list":["post-768","post","type-post","status-publish","format-standard","hentry","category-non-classe","category-voyage","category-travail","tag-allemands","tag-alphonse-xiii","tag-bretagne","tag-douarnenez","tag-peche","tag-roi-despagne-2","tag-st-jean-de-luz","tag-voilier"],"jetpack_featured_media_url":"","_links":{"self":[{"href":"https:\/\/grenierdecourbevoie.fr\/index.php\/wp-json\/wp\/v2\/posts\/768","targetHints":{"allow":["GET"]}}],"collection":[{"href":"https:\/\/grenierdecourbevoie.fr\/index.php\/wp-json\/wp\/v2\/posts"}],"about":[{"href":"https:\/\/grenierdecourbevoie.fr\/index.php\/wp-json\/wp\/v2\/types\/post"}],"author":[{"embeddable":true,"href":"https:\/\/grenierdecourbevoie.fr\/index.php\/wp-json\/wp\/v2\/users\/1"}],"replies":[{"embeddable":true,"href":"https:\/\/grenierdecourbevoie.fr\/index.php\/wp-json\/wp\/v2\/comments?post=768"}],"version-history":[{"count":1,"href":"https:\/\/grenierdecourbevoie.fr\/index.php\/wp-json\/wp\/v2\/posts\/768\/revisions"}],"predecessor-version":[{"id":769,"href":"https:\/\/grenierdecourbevoie.fr\/index.php\/wp-json\/wp\/v2\/posts\/768\/revisions\/769"}],"wp:attachment":[{"href":"https:\/\/grenierdecourbevoie.fr\/index.php\/wp-json\/wp\/v2\/media?parent=768"}],"wp:term":[{"taxonomy":"category","embeddable":true,"href":"https:\/\/grenierdecourbevoie.fr\/index.php\/wp-json\/wp\/v2\/categories?post=768"},{"taxonomy":"post_tag","embeddable":true,"href":"https:\/\/grenierdecourbevoie.fr\/index.php\/wp-json\/wp\/v2\/tags?post=768"}],"curies":[{"name":"wp","href":"https:\/\/api.w.org\/{rel}","templated":true}]}}