{"id":801,"date":"2022-11-05T18:45:39","date_gmt":"2022-11-05T17:45:39","guid":{"rendered":"http:\/\/grenierdecourbevoie.fr\/?p=801"},"modified":"2022-11-05T18:45:39","modified_gmt":"2022-11-05T17:45:39","slug":"bachelier-du-ciel","status":"publish","type":"post","link":"https:\/\/grenierdecourbevoie.fr\/index.php\/2022\/11\/05\/bachelier-du-ciel\/","title":{"rendered":"Bachelier du ciel"},"content":{"rendered":"\n<p class=\"wp-block-paragraph\">Il y a une sorte de grande fiert\u00e9 dans ma famille car le 25 juin 1952, un mois avant ses dix-sept ans, ma grand-m\u00e8re paternelle obtint son Brevet d&#8217;Aptitude de pilote d&#8217;avion, faisant d&#8217;elle la plus jeune pilote de France.<\/p>\n\n\n\n<p class=\"wp-block-paragraph\">Ma grand-m\u00e8re, qui passa son bapt\u00eame de l&#8217;air \u00e0 deux, avait d\u00e9j\u00e0 r\u00e9ussi son Brevet de Vol \u00e0 voile au printemps pr\u00e9c\u00e9dent. Cette passion lui est venue lorsque, apr\u00e8s avoir pass\u00e9 avec succ\u00e8s la premi\u00e8re partie de son Baccalaur\u00e9at en 1951, elle demanda \u00e0 son p\u00e8re, connu pour son activit\u00e9 dans la R\u00e9sistance, d&#8217;apprendre \u00e0 piloter en guise de r\u00e9compense. Et c&#8217;est ainsi qu&#8217;elle commen\u00e7a \u00e0 s&#8217;entra\u00eener r\u00e9guli\u00e8rement sur le terrain de Bois-Combray, \u00e0 Roanne o\u00f9 elle habitait, avec l&#8217;\u00e9quipe des \u00ab Ailes roannaises \u00bb. Ces s\u00e9ances d&#8217;entra\u00eenement constituaient son loisir pr\u00e9f\u00e9r\u00e9 et \u00e9taient ses seuls moments de vraie d\u00e9tente car la m\u00eame ann\u00e9e, elle pr\u00e9parait son Baccalaur\u00e9at de philosophie et sciences.<\/p>\n\n\n\n<p class=\"wp-block-paragraph\">Elle passa brillamment les \u00e9preuves orales de ce dernier les 23 et 24 juin puis le 25 elle r\u00e9ussissait son Brevet de Pilotage et devenait la plus jeune pilote de France, faisant ainsi la fiert\u00e9 de la famille et de la r\u00e9gion.<\/p>\n\n\n\n<p class=\"wp-block-paragraph\">Malheureusement, elle ne put continuer \u00e0 piloter, ou du moins que tr\u00e8s rarement, car elle partit pour Lyon en octobre afin de faire sa premi\u00e8re ann\u00e9e d&#8217;\u00e9tudes de m\u00e9decine.<\/p>\n","protected":false},"excerpt":{"rendered":"<p>Il y a une sorte de grande fiert\u00e9 dans ma famille car le 25 juin 1952, un mois avant ses dix-sept ans, ma grand-m\u00e8re paternelle obtint son Brevet d&#8217;Aptitude de pilote d&#8217;avion, faisant d&#8217;elle&#46;&#46;&#46;<\/p>\n","protected":false},"author":1,"featured_media":0,"comment_status":"closed","ping_status":"closed","sticky":false,"template":"","format":"standard","meta":{"_crdt_document":"","footnotes":""},"categories":[1,24,13],"tags":[970,848,971,973,884,969,968,76,972],"class_list":["post-801","post","type-post","status-publish","format-standard","hentry","category-non-classe","category-guerre","category-traditions-et-legendes","tag-aviation","tag-bac","tag-bois-combray","tag-brevet","tag-feministe","tag-pilote","tag-pionniere","tag-resistance","tag-roanne"],"jetpack_featured_media_url":"","_links":{"self":[{"href":"https:\/\/grenierdecourbevoie.fr\/index.php\/wp-json\/wp\/v2\/posts\/801","targetHints":{"allow":["GET"]}}],"collection":[{"href":"https:\/\/grenierdecourbevoie.fr\/index.php\/wp-json\/wp\/v2\/posts"}],"about":[{"href":"https:\/\/grenierdecourbevoie.fr\/index.php\/wp-json\/wp\/v2\/types\/post"}],"author":[{"embeddable":true,"href":"https:\/\/grenierdecourbevoie.fr\/index.php\/wp-json\/wp\/v2\/users\/1"}],"replies":[{"embeddable":true,"href":"https:\/\/grenierdecourbevoie.fr\/index.php\/wp-json\/wp\/v2\/comments?post=801"}],"version-history":[{"count":1,"href":"https:\/\/grenierdecourbevoie.fr\/index.php\/wp-json\/wp\/v2\/posts\/801\/revisions"}],"predecessor-version":[{"id":802,"href":"https:\/\/grenierdecourbevoie.fr\/index.php\/wp-json\/wp\/v2\/posts\/801\/revisions\/802"}],"wp:attachment":[{"href":"https:\/\/grenierdecourbevoie.fr\/index.php\/wp-json\/wp\/v2\/media?parent=801"}],"wp:term":[{"taxonomy":"category","embeddable":true,"href":"https:\/\/grenierdecourbevoie.fr\/index.php\/wp-json\/wp\/v2\/categories?post=801"},{"taxonomy":"post_tag","embeddable":true,"href":"https:\/\/grenierdecourbevoie.fr\/index.php\/wp-json\/wp\/v2\/tags?post=801"}],"curies":[{"name":"wp","href":"https:\/\/api.w.org\/{rel}","templated":true}]}}