{"id":805,"date":"2022-11-05T18:49:04","date_gmt":"2022-11-05T17:49:04","guid":{"rendered":"http:\/\/grenierdecourbevoie.fr\/?p=805"},"modified":"2022-11-05T18:49:05","modified_gmt":"2022-11-05T17:49:05","slug":"une-femme-de-tete","status":"publish","type":"post","link":"https:\/\/grenierdecourbevoie.fr\/index.php\/2022\/11\/05\/une-femme-de-tete\/","title":{"rendered":"Une femme de t\u00eate"},"content":{"rendered":"\n<p class=\"wp-block-paragraph\">L&#8217;histoire qui va suivre se d\u00e9roule au XX\u00e8me si\u00e8cle. Mon arri\u00e8re-grand-m\u00e8re, Sim\u00e9one Lebourgeois, est n\u00e9e en 1900 \u00e0 Paris. A l&#8217;\u00e2ge de 18 ans elle d\u00e9cida de passer son bac. Mais pour l&#8217;\u00e9poque passer son bac \u00e9tait mal vu pour une jeune fille. Elle se devait de rester chez elles et d&#8217;aider aux t\u00e2ches m\u00e9nag\u00e8res. C&#8217;est donc tout naturellement que sa famille s&#8217;opposa \u00e0 cet examen. Mais Sim\u00e9one \u00e9tait plut\u00f4t t\u00eatue et jamais elle n&#8217;aurait arr\u00eat\u00e9 ses \u00e9tudes sous pr\u00e9texte qu&#8217;elle \u00e9tait une fille, il est vrai que c&#8217;\u00e9tait une f\u00e9ministe.<\/p>\n\n\n\n<p class=\"wp-block-paragraph\">Elle s&#8217;est donc battue pour pouvoir apprendre au d\u00e9triment de sa famille qui s&#8217;opposait \u00e0 ses id\u00e9es. Finalement, elle a \u00e9t\u00e9 r\u00e9compens\u00e9e par son obtention du bac. Elle a pass\u00e9 de longues ann\u00e9es en conflit avec sa famille. Avec le temps, Sim\u00e9one \u00e9tudia les sciences et plus particuli\u00e8rement la chimie. Elle est devenue l&#8217;\u00e9l\u00e8ve de Marie Curie, une physicienne renomm\u00e9e pour \u00e0 son travail sur la radioactivit\u00e9.<\/p>\n\n\n\n<p class=\"wp-block-paragraph\">Combien de fois ai-je entendu parler de cette histoire ? Une centaine peut \u00eatre. Et cette histoire explique tr\u00e8s certainement le fait que ma m\u00e8re connaisse par c\u0153ur les livres de Simone de Beauvoir et la biographie de Simone Veil.<\/p>\n","protected":false},"excerpt":{"rendered":"<p>L&#8217;histoire qui va suivre se d\u00e9roule au XX\u00e8me si\u00e8cle. Mon arri\u00e8re-grand-m\u00e8re, Sim\u00e9one Lebourgeois, est n\u00e9e en 1900 \u00e0 Paris. A l&#8217;\u00e2ge de 18 ans elle d\u00e9cida de passer son bac. Mais pour l&#8217;\u00e9poque passer&#46;&#46;&#46;<\/p>\n","protected":false},"author":1,"featured_media":0,"comment_status":"closed","ping_status":"closed","sticky":false,"template":"","format":"standard","meta":{"_crdt_document":"","footnotes":""},"categories":[13,28],"tags":[848,975,884,968,976],"class_list":["post-805","post","type-post","status-publish","format-standard","hentry","category-traditions-et-legendes","category-travail","tag-bac","tag-beauvoir","tag-feministe","tag-pionniere","tag-veil"],"jetpack_featured_media_url":"","_links":{"self":[{"href":"https:\/\/grenierdecourbevoie.fr\/index.php\/wp-json\/wp\/v2\/posts\/805","targetHints":{"allow":["GET"]}}],"collection":[{"href":"https:\/\/grenierdecourbevoie.fr\/index.php\/wp-json\/wp\/v2\/posts"}],"about":[{"href":"https:\/\/grenierdecourbevoie.fr\/index.php\/wp-json\/wp\/v2\/types\/post"}],"author":[{"embeddable":true,"href":"https:\/\/grenierdecourbevoie.fr\/index.php\/wp-json\/wp\/v2\/users\/1"}],"replies":[{"embeddable":true,"href":"https:\/\/grenierdecourbevoie.fr\/index.php\/wp-json\/wp\/v2\/comments?post=805"}],"version-history":[{"count":1,"href":"https:\/\/grenierdecourbevoie.fr\/index.php\/wp-json\/wp\/v2\/posts\/805\/revisions"}],"predecessor-version":[{"id":806,"href":"https:\/\/grenierdecourbevoie.fr\/index.php\/wp-json\/wp\/v2\/posts\/805\/revisions\/806"}],"wp:attachment":[{"href":"https:\/\/grenierdecourbevoie.fr\/index.php\/wp-json\/wp\/v2\/media?parent=805"}],"wp:term":[{"taxonomy":"category","embeddable":true,"href":"https:\/\/grenierdecourbevoie.fr\/index.php\/wp-json\/wp\/v2\/categories?post=805"},{"taxonomy":"post_tag","embeddable":true,"href":"https:\/\/grenierdecourbevoie.fr\/index.php\/wp-json\/wp\/v2\/tags?post=805"}],"curies":[{"name":"wp","href":"https:\/\/api.w.org\/{rel}","templated":true}]}}