{"id":809,"date":"2022-11-05T18:54:48","date_gmt":"2022-11-05T17:54:48","guid":{"rendered":"http:\/\/grenierdecourbevoie.fr\/?p=809"},"modified":"2022-11-05T18:54:49","modified_gmt":"2022-11-05T17:54:49","slug":"les-souvenirs-de-la-bas","status":"publish","type":"post","link":"https:\/\/grenierdecourbevoie.fr\/index.php\/2022\/11\/05\/les-souvenirs-de-la-bas\/","title":{"rendered":"&nbsp;Les souvenirs de l\u00e0-bas"},"content":{"rendered":"\n<p class=\"wp-block-paragraph\">Apr\u00e8s avoir v\u00e9cu 60 ans en Alg\u00e9rie, mes arri\u00e8res grands parents, mes grands-parents et mon p\u00e8re d\u00e9m\u00e9nag\u00e8rent en France \u00e0 cause de l\u2019ind\u00e9pendance de l\u2019Alg\u00e9rie. Ils partirent \u00e0 diff\u00e9rents moments\u00a0: mon p\u00e8re et ses parents en premier, en 1964, et le reste de la famille partirent quelques ann\u00e9es apr\u00e8s, alors que les probl\u00e8mes en Alg\u00e9rie s\u2019accentuaient.<\/p>\n\n\n\n<p class=\"wp-block-paragraph\">Mon p\u00e8re avait 6 ans lorsqu\u2019il est arriv\u00e9 en France et ce fut une p\u00e9riode compliqu\u00e9e. Tout le monde a du recommencer leur vie, changer de travail, et s\u2019adapter au nouveau mode de vie. Mes grands-parents et mes arri\u00e8res grands-parents \u00e9taient triste de ce changement. Ils auraient aim\u00e9 rester en Alg\u00e9rie mais ce n\u2019\u00e9tait plus possible.<\/p>\n\n\n\n<p class=\"wp-block-paragraph\">En plus de cela, toute la famille fut s\u00e9par\u00e9e. L\u2019oncle de mon p\u00e8re est parti \u00e0 Nice, mon p\u00e8re et ses parents aux Sables d\u2019Olonne, mes arri\u00e8res grands parents \u00e0 Auch, \u2026<\/p>\n\n\n\n<p class=\"wp-block-paragraph\">Ce fut sans doute le plus difficile dans cette histoire car ils s\u2019\u00e9taient habitu\u00e9s a vivre ensemble.<\/p>\n\n\n\n<p class=\"wp-block-paragraph\">Ils regrettent tous ce qu\u2019il s\u2019est pass\u00e9 et gardent une tr\u00e8s bonne image de leur pass\u00e9 en Alg\u00e9rie. Mon p\u00e8re ne se souvient pas de tout car il \u00e9tait tr\u00e8s jeune mais quelques souvenirs sont toujours l\u00e0.<\/p>\n","protected":false},"excerpt":{"rendered":"<p>Apr\u00e8s avoir v\u00e9cu 60 ans en Alg\u00e9rie, mes arri\u00e8res grands parents, mes grands-parents et mon p\u00e8re d\u00e9m\u00e9nag\u00e8rent en France \u00e0 cause de l\u2019ind\u00e9pendance de l\u2019Alg\u00e9rie. Ils partirent \u00e0 diff\u00e9rents moments\u00a0: mon p\u00e8re et ses&#46;&#46;&#46;<\/p>\n","protected":false},"author":1,"featured_media":0,"comment_status":"closed","ping_status":"closed","sticky":false,"template":"","format":"standard","meta":{"_crdt_document":"","footnotes":""},"categories":[7,24],"tags":[16,980,458,105,20,71,981],"class_list":["post-809","post","type-post","status-publish","format-standard","hentry","category-voyage","category-guerre","tag-algerie","tag-auch","tag-exil","tag-guerre-dalgerie","tag-independance","tag-nice","tag-sables-dolonne"],"jetpack_featured_media_url":"","_links":{"self":[{"href":"https:\/\/grenierdecourbevoie.fr\/index.php\/wp-json\/wp\/v2\/posts\/809","targetHints":{"allow":["GET"]}}],"collection":[{"href":"https:\/\/grenierdecourbevoie.fr\/index.php\/wp-json\/wp\/v2\/posts"}],"about":[{"href":"https:\/\/grenierdecourbevoie.fr\/index.php\/wp-json\/wp\/v2\/types\/post"}],"author":[{"embeddable":true,"href":"https:\/\/grenierdecourbevoie.fr\/index.php\/wp-json\/wp\/v2\/users\/1"}],"replies":[{"embeddable":true,"href":"https:\/\/grenierdecourbevoie.fr\/index.php\/wp-json\/wp\/v2\/comments?post=809"}],"version-history":[{"count":1,"href":"https:\/\/grenierdecourbevoie.fr\/index.php\/wp-json\/wp\/v2\/posts\/809\/revisions"}],"predecessor-version":[{"id":810,"href":"https:\/\/grenierdecourbevoie.fr\/index.php\/wp-json\/wp\/v2\/posts\/809\/revisions\/810"}],"wp:attachment":[{"href":"https:\/\/grenierdecourbevoie.fr\/index.php\/wp-json\/wp\/v2\/media?parent=809"}],"wp:term":[{"taxonomy":"category","embeddable":true,"href":"https:\/\/grenierdecourbevoie.fr\/index.php\/wp-json\/wp\/v2\/categories?post=809"},{"taxonomy":"post_tag","embeddable":true,"href":"https:\/\/grenierdecourbevoie.fr\/index.php\/wp-json\/wp\/v2\/tags?post=809"}],"curies":[{"name":"wp","href":"https:\/\/api.w.org\/{rel}","templated":true}]}}