{"id":811,"date":"2022-11-05T18:56:53","date_gmt":"2022-11-05T17:56:53","guid":{"rendered":"http:\/\/grenierdecourbevoie.fr\/?p=811"},"modified":"2022-11-05T18:56:53","modified_gmt":"2022-11-05T17:56:53","slug":"la-medaille-de-lamitie","status":"publish","type":"post","link":"https:\/\/grenierdecourbevoie.fr\/index.php\/2022\/11\/05\/la-medaille-de-lamitie\/","title":{"rendered":"La m\u00e9daille de l\u2019amiti\u00e9"},"content":{"rendered":"\n<p class=\"wp-block-paragraph\">Pendant la Premi\u00e8re guerre mondiale, un de mes anc\u00eatres, Gaston Pouteau, officiait en tant que brancardier dans l\u2019arm\u00e9e fran\u00e7aise. Un jour, un assaut fut lanc\u00e9 sur une tranch\u00e9e ennemie et au signal, les troupes fran\u00e7aises sortirent de la tranch\u00e9e et assaillirent les lignes adverses. Gaston, comme souvent lors d\u2019un assaut, suivit les combattants dans leur avanc\u00e9e, ramassant r\u00e9guli\u00e8rement les bless\u00e9s dans son brancard. Cependant cette attaque ne se d\u00e9roula pas comme \u00e0 l\u2019habitude pour le jeune brancardier. Il re\u00e7ut une balle perdue qui lui traversa le mollet et ne pouvant plus marcher, il se retrouva immobile au milieu du champs de bataille. Il serait s\u00fbrement mort au milieu de ces tirs si son ami et coll\u00e8gue brancardier, Gabert, ne l\u2019avait pas pris sur son dos, au p\u00e9ril de sa vie, pour le ramener en s\u00e9curit\u00e9 dans une tranch\u00e9e alli\u00e9e. Il fut transport\u00e9 d\u2019urgence \u00e0 l\u2019Arri\u00e8re et sa jambe p\u00fbt de justesse \u00eatre soign\u00e9e \u00e0 l\u2019h\u00f4pital. La guerre avait d\u00e9j\u00e0 pris fin lorsque Gaston p\u00fbt marcher \u00e0 nouveau. Gaston et son coll\u00e8gue brancardier re\u00e7urent tous deux la m\u00e9daille militaire et rest\u00e8rent de tr\u00e8s bons amis jusqu\u2019\u00e0 leur mort. Gaston conserva seulement, de cette terrible bataille, une cicatrice sur la jambe et mourut \u00e0 l\u2019\u00e2ge de 88 ans.<\/p>\n","protected":false},"excerpt":{"rendered":"<p>Pendant la Premi\u00e8re guerre mondiale, un de mes anc\u00eatres, Gaston Pouteau, officiait en tant que brancardier dans l\u2019arm\u00e9e fran\u00e7aise. Un jour, un assaut fut lanc\u00e9 sur une tranch\u00e9e ennemie et au signal, les troupes&#46;&#46;&#46;<\/p>\n","protected":false},"author":1,"featured_media":0,"comment_status":"closed","ping_status":"closed","sticky":false,"template":"","format":"standard","meta":{"_crdt_document":"","footnotes":""},"categories":[24],"tags":[286,801,278,982,862],"class_list":["post-811","post","type-post","status-publish","format-standard","hentry","category-guerre","tag-14-18","tag-amitie","tag-blessure","tag-brancardier","tag-premiere-guerre-mondiale"],"jetpack_featured_media_url":"","_links":{"self":[{"href":"https:\/\/grenierdecourbevoie.fr\/index.php\/wp-json\/wp\/v2\/posts\/811","targetHints":{"allow":["GET"]}}],"collection":[{"href":"https:\/\/grenierdecourbevoie.fr\/index.php\/wp-json\/wp\/v2\/posts"}],"about":[{"href":"https:\/\/grenierdecourbevoie.fr\/index.php\/wp-json\/wp\/v2\/types\/post"}],"author":[{"embeddable":true,"href":"https:\/\/grenierdecourbevoie.fr\/index.php\/wp-json\/wp\/v2\/users\/1"}],"replies":[{"embeddable":true,"href":"https:\/\/grenierdecourbevoie.fr\/index.php\/wp-json\/wp\/v2\/comments?post=811"}],"version-history":[{"count":1,"href":"https:\/\/grenierdecourbevoie.fr\/index.php\/wp-json\/wp\/v2\/posts\/811\/revisions"}],"predecessor-version":[{"id":812,"href":"https:\/\/grenierdecourbevoie.fr\/index.php\/wp-json\/wp\/v2\/posts\/811\/revisions\/812"}],"wp:attachment":[{"href":"https:\/\/grenierdecourbevoie.fr\/index.php\/wp-json\/wp\/v2\/media?parent=811"}],"wp:term":[{"taxonomy":"category","embeddable":true,"href":"https:\/\/grenierdecourbevoie.fr\/index.php\/wp-json\/wp\/v2\/categories?post=811"},{"taxonomy":"post_tag","embeddable":true,"href":"https:\/\/grenierdecourbevoie.fr\/index.php\/wp-json\/wp\/v2\/tags?post=811"}],"curies":[{"name":"wp","href":"https:\/\/api.w.org\/{rel}","templated":true}]}}