{"id":813,"date":"2022-11-05T18:59:12","date_gmt":"2022-11-05T17:59:12","guid":{"rendered":"http:\/\/grenierdecourbevoie.fr\/?p=813"},"modified":"2022-11-05T18:59:12","modified_gmt":"2022-11-05T17:59:12","slug":"liberation-inopportune","status":"publish","type":"post","link":"https:\/\/grenierdecourbevoie.fr\/index.php\/2022\/11\/05\/liberation-inopportune\/","title":{"rendered":"Lib\u00e9ration inopportune"},"content":{"rendered":"\n<p class=\"wp-block-paragraph\">Pendant la seconde guerre mondiale, en Italie pr\u00e8s du front de Cassino, vivait une famille que l\u2019Histoire allait bouleverser. En mars 1943, des soldats allemands frapp\u00e8rent \u00e0 la porte et d\u00e9cid\u00e8rent de faire de cette maison leur quartier g\u00e9n\u00e9ral. Les habitants de la maison eurent du&nbsp; mal \u00e0 s\u2019entendre au d\u00e9part. Surtout Lorenzo Agostino, le patriarche, qui avait peur pour la vertu de sa fille Giuseppina. Un jour, il la surprit en train de parler \u00e0 Klaus, un soldat, il prit peur et le mena\u00e7a. Klaus sortit son arme la pointa sur son front et le pr\u00e9vint que la prochaine fois il tirerait. N\u00e9anmoins, au fur et \u00e0 mesure que le temps passait, ils apprirent \u00e0 se faire confiance. De temps en temps certains d\u2019entre eux allaient se battre et un jour Klaus revint gri\u00e8vement bless\u00e9. Pour toute la famille il \u00e9tait condamn\u00e9 sauf pour Giuseppina. Elle s\u2019occupa de lui et ils firent plus ample connaissance. Quand Klaus f\u00fbt compl\u00e8tement gu\u00e9ri, ils all\u00e8rent discuter sur l\u2019herbe ou sur un banc. De loin Lorenzo gardait un \u0153il sur eux et ne f\u00fbt nullement surpris par la demande en mariage de Klaus. Ils le suppli\u00e8rent et il r\u00e9pondit qu\u2019il leur ferait part de sa d\u00e9cision le lendemain. Mais celle-ci n\u2019arriva jamais, dans la nuit les Alli\u00e9s vinrent \u00ab&nbsp;lib\u00e9rer&nbsp;\u00bb cette famille et emport\u00e8rent les soldats allemands avec eux. C\u2019est ainsi que mon arri\u00e8re-grand-m\u00e8re perdit l\u2019amour de sa vie.&nbsp;&nbsp;&nbsp;&nbsp;&nbsp;&nbsp;&nbsp;&nbsp;&nbsp;&nbsp;&nbsp;&nbsp;&nbsp;&nbsp;&nbsp;&nbsp;&nbsp;&nbsp;&nbsp;&nbsp;<\/p>\n","protected":false},"excerpt":{"rendered":"<p>Pendant la seconde guerre mondiale, en Italie pr\u00e8s du front de Cassino, vivait une famille que l\u2019Histoire allait bouleverser. En mars 1943, des soldats allemands frapp\u00e8rent \u00e0 la porte et d\u00e9cid\u00e8rent de faire de&#46;&#46;&#46;<\/p>\n","protected":false},"author":1,"featured_media":0,"comment_status":"closed","ping_status":"closed","sticky":false,"template":"","format":"standard","meta":{"_crdt_document":"","footnotes":""},"categories":[6,24],"tags":[299,983,376,132,44],"class_list":["post-813","post","type-post","status-publish","format-standard","hentry","category-amour","category-guerre","tag-allemands","tag-allies","tag-deuxieme-guerre-mondiale","tag-italie","tag-liberation"],"jetpack_featured_media_url":"","_links":{"self":[{"href":"https:\/\/grenierdecourbevoie.fr\/index.php\/wp-json\/wp\/v2\/posts\/813","targetHints":{"allow":["GET"]}}],"collection":[{"href":"https:\/\/grenierdecourbevoie.fr\/index.php\/wp-json\/wp\/v2\/posts"}],"about":[{"href":"https:\/\/grenierdecourbevoie.fr\/index.php\/wp-json\/wp\/v2\/types\/post"}],"author":[{"embeddable":true,"href":"https:\/\/grenierdecourbevoie.fr\/index.php\/wp-json\/wp\/v2\/users\/1"}],"replies":[{"embeddable":true,"href":"https:\/\/grenierdecourbevoie.fr\/index.php\/wp-json\/wp\/v2\/comments?post=813"}],"version-history":[{"count":1,"href":"https:\/\/grenierdecourbevoie.fr\/index.php\/wp-json\/wp\/v2\/posts\/813\/revisions"}],"predecessor-version":[{"id":814,"href":"https:\/\/grenierdecourbevoie.fr\/index.php\/wp-json\/wp\/v2\/posts\/813\/revisions\/814"}],"wp:attachment":[{"href":"https:\/\/grenierdecourbevoie.fr\/index.php\/wp-json\/wp\/v2\/media?parent=813"}],"wp:term":[{"taxonomy":"category","embeddable":true,"href":"https:\/\/grenierdecourbevoie.fr\/index.php\/wp-json\/wp\/v2\/categories?post=813"},{"taxonomy":"post_tag","embeddable":true,"href":"https:\/\/grenierdecourbevoie.fr\/index.php\/wp-json\/wp\/v2\/tags?post=813"}],"curies":[{"name":"wp","href":"https:\/\/api.w.org\/{rel}","templated":true}]}}