{"id":819,"date":"2022-11-05T19:06:16","date_gmt":"2022-11-05T18:06:16","guid":{"rendered":"http:\/\/grenierdecourbevoie.fr\/?p=819"},"modified":"2022-11-05T19:06:17","modified_gmt":"2022-11-05T18:06:17","slug":"le-petit-tailleur-et-le-grand-general","status":"publish","type":"post","link":"https:\/\/grenierdecourbevoie.fr\/index.php\/2022\/11\/05\/le-petit-tailleur-et-le-grand-general\/","title":{"rendered":"Le petit tailleur et le grand g\u00e9n\u00e9ral"},"content":{"rendered":"\n<p class=\"wp-block-paragraph\">L\u2019histoire que je m\u2019appr\u00eate \u00e0 vous raconter appartient au genre d\u2019histoires auxquelles tout le monde a droit lors des longs et ennuyeux repas de famille. Il s\u2019agit des origines peut-\u00eatre \u00e9piques de mon nom de famille : Sertour<\/p>\n\n\n\n<p class=\"wp-block-paragraph\">D\u2019apr\u00e8s les plus anciennes archives officielles, les Sertour viendraient d\u2019un petit village du Brian\u00e7onnais, dans la vall\u00e9e de Serre-Chevalier. Cette vall\u00e9e appartenait \u00e0 la R\u00e9publique des \u00ab Escartons \u00bb sans doute l\u2019une des premi\u00e8res du monde et qui laissait une grande libert\u00e9 \u00e0 ses habitants, comme le droit de vote aux hommes et aux femmes.<\/p>\n\n\n\n<p class=\"wp-block-paragraph\">Pour certains, mon nom viendrait du mot \u00ab&nbsp;sarto&nbsp;\u00bb, qui signifie tailleur en italien.<\/p>\n\n\n\n<p class=\"wp-block-paragraph\">Mais pour d\u2019autres membres de ma famille font semblant de croire que mon nom remonterait \u00e0 un g\u00e9n\u00e9ral et homme politique romain, Quintus Sertorius qui fut gouverneur d\u2019Hispanie. La vie de Sertorius inspira m\u00eame \u00e0 Corneille une pi\u00e8ce \u00e9ponyme.<\/p>\n\n\n\n<p class=\"wp-block-paragraph\">Vous trouvez la version latine peu convaincante\u00a0? C\u2019est vrai, mais on peut r\u00eaver, non\u00a0?<\/p>\n","protected":false},"excerpt":{"rendered":"<p>L\u2019histoire que je m\u2019appr\u00eate \u00e0 vous raconter appartient au genre d\u2019histoires auxquelles tout le monde a droit lors des longs et ennuyeux repas de famille. Il s\u2019agit des origines peut-\u00eatre \u00e9piques de mon nom&#46;&#46;&#46;<\/p>\n","protected":false},"author":1,"featured_media":0,"comment_status":"closed","ping_status":"closed","sticky":false,"template":"","format":"standard","meta":{"_crdt_document":"","footnotes":""},"categories":[13],"tags":[993,997,992,996,291,994,995],"class_list":["post-819","post","type-post","status-publish","format-standard","hentry","category-traditions-et-legendes","tag-briancon","tag-corneille","tag-escartons","tag-hispanie","tag-italien","tag-serre-chevalier","tag-sertorius"],"jetpack_featured_media_url":"","_links":{"self":[{"href":"https:\/\/grenierdecourbevoie.fr\/index.php\/wp-json\/wp\/v2\/posts\/819","targetHints":{"allow":["GET"]}}],"collection":[{"href":"https:\/\/grenierdecourbevoie.fr\/index.php\/wp-json\/wp\/v2\/posts"}],"about":[{"href":"https:\/\/grenierdecourbevoie.fr\/index.php\/wp-json\/wp\/v2\/types\/post"}],"author":[{"embeddable":true,"href":"https:\/\/grenierdecourbevoie.fr\/index.php\/wp-json\/wp\/v2\/users\/1"}],"replies":[{"embeddable":true,"href":"https:\/\/grenierdecourbevoie.fr\/index.php\/wp-json\/wp\/v2\/comments?post=819"}],"version-history":[{"count":1,"href":"https:\/\/grenierdecourbevoie.fr\/index.php\/wp-json\/wp\/v2\/posts\/819\/revisions"}],"predecessor-version":[{"id":820,"href":"https:\/\/grenierdecourbevoie.fr\/index.php\/wp-json\/wp\/v2\/posts\/819\/revisions\/820"}],"wp:attachment":[{"href":"https:\/\/grenierdecourbevoie.fr\/index.php\/wp-json\/wp\/v2\/media?parent=819"}],"wp:term":[{"taxonomy":"category","embeddable":true,"href":"https:\/\/grenierdecourbevoie.fr\/index.php\/wp-json\/wp\/v2\/categories?post=819"},{"taxonomy":"post_tag","embeddable":true,"href":"https:\/\/grenierdecourbevoie.fr\/index.php\/wp-json\/wp\/v2\/tags?post=819"}],"curies":[{"name":"wp","href":"https:\/\/api.w.org\/{rel}","templated":true}]}}