{"id":823,"date":"2022-11-05T19:10:24","date_gmt":"2022-11-05T18:10:24","guid":{"rendered":"http:\/\/grenierdecourbevoie.fr\/?p=823"},"modified":"2022-11-05T19:10:25","modified_gmt":"2022-11-05T18:10:25","slug":"les-voisins-de-la-bas","status":"publish","type":"post","link":"https:\/\/grenierdecourbevoie.fr\/index.php\/2022\/11\/05\/les-voisins-de-la-bas\/","title":{"rendered":"Les voisins de l\u00e0-bas"},"content":{"rendered":"\n<p class=\"wp-block-paragraph\">Mes grands-parents vivaient en Alg\u00e9rie dans une ville nomm\u00e9e Tlemcen. A la suite de la guerre et de l&#8217;ind\u00e9pendance de l&#8217;Alg\u00e9rie en 1962, ils durent quitter le pays, o\u00f9 ils avaient grandi et travaill\u00e9, d&#8217;une mani\u00e8re pr\u00e9cipit\u00e9e.<\/p>\n\n\n\n<p class=\"wp-block-paragraph\">En Alg\u00e9rie, tout le monde se connaissaient, se c\u00f4toyaient. Il y avait une confiance mutuelle entre les habitants du quartier et une grande convivialit\u00e9. Apr\u00e8s l&#8217;ind\u00e9pendance du pays, mes grands-parents et leur famille&nbsp;durent abandonner leurs biens, leurs affaires, leur logement et partir avec seulement quelques valises en France M\u00e9tropolitaine. Ce fut un traumatisme pour eux. Ils voyag\u00e8rent par bateau jusqu&#8217;\u00e0 Marseille et prirent le train pour Paris sans rien conna\u00eetre de leur avenir. Arriv\u00e9s dans la capitale, ils habit\u00e8rent dans un studio de la place Clichy pendant pr\u00e8s de six mois. Ils \u00e9taient huit dans le studio : mes grands-parents, mes arri\u00e8res grands-parents, mes grands-oncles et grands-tantes et leurs enfants.<\/p>\n\n\n\n<p class=\"wp-block-paragraph\">Mon grand-p\u00e8re, qui avait un salon de coiffure en Alg\u00e9rie, qu&#8217;il avait abandonn\u00e9 brutalement, eut beaucoup de mal \u00e0 trouver un emploi. Ce fut un d\u00e9racinement total. De plus, les Parisiens \u00e9taient indiff\u00e9rents \u00e0 leurs probl\u00e8mes. Puis, en 1964, ils furent log\u00e9s dans un HLM \u00e0 Courbevoie o\u00f9, par le plus grand des hasards, ils eurent comme voisins de grands amis qu&#8217;ils connaissaient de Tlemcen.&nbsp;Une semaine apr\u00e8s leur emm\u00e9nagement, mon p\u00e8re naquit. Au fil des ann\u00e9es, mes grands-parents se sont bien int\u00e9gr\u00e9s \u00e0 la vie parisienne et ont habit\u00e9, depuis ce jour \u00e0 Courbevoie, dans ce m\u00eame appartement, jusqu&#8217;\u00e0 la fin de leur vie avec leur plus intimes amis et voisins.<\/p>\n","protected":false},"excerpt":{"rendered":"<p>Mes grands-parents vivaient en Alg\u00e9rie dans une ville nomm\u00e9e Tlemcen. A la suite de la guerre et de l&#8217;ind\u00e9pendance de l&#8217;Alg\u00e9rie en 1962, ils durent quitter le pays, o\u00f9 ils avaient grandi et travaill\u00e9,&#46;&#46;&#46;<\/p>\n","protected":false},"author":1,"featured_media":0,"comment_status":"closed","ping_status":"closed","sticky":false,"template":"","format":"standard","meta":{"_crdt_document":"","footnotes":""},"categories":[7,24],"tags":[1003,458,105,280,20,359,1001,112],"class_list":["post-823","post","type-post","status-publish","format-standard","hentry","category-voyage","category-guerre","tag-courbevoie","tag-exil","tag-guerre-dalgerie","tag-hlm","tag-independance","tag-marseille","tag-place-clichy","tag-tlemcen"],"jetpack_featured_media_url":"","_links":{"self":[{"href":"https:\/\/grenierdecourbevoie.fr\/index.php\/wp-json\/wp\/v2\/posts\/823","targetHints":{"allow":["GET"]}}],"collection":[{"href":"https:\/\/grenierdecourbevoie.fr\/index.php\/wp-json\/wp\/v2\/posts"}],"about":[{"href":"https:\/\/grenierdecourbevoie.fr\/index.php\/wp-json\/wp\/v2\/types\/post"}],"author":[{"embeddable":true,"href":"https:\/\/grenierdecourbevoie.fr\/index.php\/wp-json\/wp\/v2\/users\/1"}],"replies":[{"embeddable":true,"href":"https:\/\/grenierdecourbevoie.fr\/index.php\/wp-json\/wp\/v2\/comments?post=823"}],"version-history":[{"count":1,"href":"https:\/\/grenierdecourbevoie.fr\/index.php\/wp-json\/wp\/v2\/posts\/823\/revisions"}],"predecessor-version":[{"id":824,"href":"https:\/\/grenierdecourbevoie.fr\/index.php\/wp-json\/wp\/v2\/posts\/823\/revisions\/824"}],"wp:attachment":[{"href":"https:\/\/grenierdecourbevoie.fr\/index.php\/wp-json\/wp\/v2\/media?parent=823"}],"wp:term":[{"taxonomy":"category","embeddable":true,"href":"https:\/\/grenierdecourbevoie.fr\/index.php\/wp-json\/wp\/v2\/categories?post=823"},{"taxonomy":"post_tag","embeddable":true,"href":"https:\/\/grenierdecourbevoie.fr\/index.php\/wp-json\/wp\/v2\/tags?post=823"}],"curies":[{"name":"wp","href":"https:\/\/api.w.org\/{rel}","templated":true}]}}