{"id":825,"date":"2022-11-05T19:11:54","date_gmt":"2022-11-05T18:11:54","guid":{"rendered":"http:\/\/grenierdecourbevoie.fr\/?p=825"},"modified":"2022-11-05T19:11:55","modified_gmt":"2022-11-05T18:11:55","slug":"volonte-immortelle","status":"publish","type":"post","link":"https:\/\/grenierdecourbevoie.fr\/index.php\/2022\/11\/05\/volonte-immortelle\/","title":{"rendered":"Volont\u00e9 immortelle"},"content":{"rendered":"\n<p class=\"wp-block-paragraph\">Mon grand-oncle est mort \u00e0 l&#8217;\u00e2ge de 96 ans. Il vivait seul dans sa maison \u00e0 cultiver son jardin le plus longtemps qu&#8217;il a pu.<\/p>\n\n\n\n<p class=\"wp-block-paragraph\">A 91 ans il s&#8217;est cass\u00e9 le genou et apr\u00e8s la r\u00e9\u00e9ducation il marchait avec une b\u00e9quille. Nous sommes all\u00e9s l&#8217;aider \u00e0 planter ses pommes de terre la m\u00eame ann\u00e9e. Il avait du caract\u00e8re, aimait faire les choses par lui-m\u00eame et pour tout dire quand on l&#8217;aidait on ne faisait jamais bien ! Du bout de sa b\u00e9quille, il repla\u00e7ait les plants de pomme de terre que nous avions d\u00e9pos\u00e9s, tout en donnant des conseils.<\/p>\n\n\n\n<p class=\"wp-block-paragraph\">Quelques mois plus tard lors de la r\u00e9colte, quand il a fallu sortir les pommes de terre au crochet, il refusa l&#8217;aide de mon p\u00e8re et de mon fr\u00e8re, leur disant que cela \u00e9tait trop dur comme travail. Mais nous avons pens\u00e9 qu&#8217;une fois de plus, il aurait pr\u00e9f\u00e9r\u00e9 faire le travail tout seul.<\/p>\n\n\n\n<p class=\"wp-block-paragraph\">Il n&#8217;aimait pas se sentir vieillir et ne voulait pas de cette aide qui lui rappelait trop son \u00e2ge.<\/p>\n","protected":false},"excerpt":{"rendered":"<p>Mon grand-oncle est mort \u00e0 l&#8217;\u00e2ge de 96 ans. Il vivait seul dans sa maison \u00e0 cultiver son jardin le plus longtemps qu&#8217;il a pu. A 91 ans il s&#8217;est cass\u00e9 le genou et&#46;&#46;&#46;<\/p>\n","protected":false},"author":1,"featured_media":0,"comment_status":"closed","ping_status":"closed","sticky":false,"template":"","format":"standard","meta":{"_crdt_document":"","footnotes":""},"categories":[15,11],"tags":[974,1004,1005],"class_list":["post-825","post","type-post","status-publish","format-standard","hentry","category-accidents","category-objets","tag-age","tag-bequille","tag-pomme-de-terre"],"jetpack_featured_media_url":"","_links":{"self":[{"href":"https:\/\/grenierdecourbevoie.fr\/index.php\/wp-json\/wp\/v2\/posts\/825","targetHints":{"allow":["GET"]}}],"collection":[{"href":"https:\/\/grenierdecourbevoie.fr\/index.php\/wp-json\/wp\/v2\/posts"}],"about":[{"href":"https:\/\/grenierdecourbevoie.fr\/index.php\/wp-json\/wp\/v2\/types\/post"}],"author":[{"embeddable":true,"href":"https:\/\/grenierdecourbevoie.fr\/index.php\/wp-json\/wp\/v2\/users\/1"}],"replies":[{"embeddable":true,"href":"https:\/\/grenierdecourbevoie.fr\/index.php\/wp-json\/wp\/v2\/comments?post=825"}],"version-history":[{"count":1,"href":"https:\/\/grenierdecourbevoie.fr\/index.php\/wp-json\/wp\/v2\/posts\/825\/revisions"}],"predecessor-version":[{"id":826,"href":"https:\/\/grenierdecourbevoie.fr\/index.php\/wp-json\/wp\/v2\/posts\/825\/revisions\/826"}],"wp:attachment":[{"href":"https:\/\/grenierdecourbevoie.fr\/index.php\/wp-json\/wp\/v2\/media?parent=825"}],"wp:term":[{"taxonomy":"category","embeddable":true,"href":"https:\/\/grenierdecourbevoie.fr\/index.php\/wp-json\/wp\/v2\/categories?post=825"},{"taxonomy":"post_tag","embeddable":true,"href":"https:\/\/grenierdecourbevoie.fr\/index.php\/wp-json\/wp\/v2\/tags?post=825"}],"curies":[{"name":"wp","href":"https:\/\/api.w.org\/{rel}","templated":true}]}}