{"id":829,"date":"2022-11-05T19:15:55","date_gmt":"2022-11-05T18:15:55","guid":{"rendered":"http:\/\/grenierdecourbevoie.fr\/?p=829"},"modified":"2022-11-05T19:15:55","modified_gmt":"2022-11-05T18:15:55","slug":"les-accidents-du-dictateur","status":"publish","type":"post","link":"https:\/\/grenierdecourbevoie.fr\/index.php\/2022\/11\/05\/les-accidents-du-dictateur\/","title":{"rendered":"Les accidents du dictateur"},"content":{"rendered":"\n<p class=\"wp-block-paragraph\">En f\u00e9vrier dernier, l\u2019ex-pr\u00e9sident tunisien, Ben Ali, a \u00e9t\u00e9 chass\u00e9 par son peuple. Pendant son \u00ab&nbsp;r\u00e8gne&nbsp;\u00bb il a tout fait pour garder le pouvoir en \u00e9liminant les opposants. Ceci a aussi touch\u00e9 mon entourage, alors voici mon histoire de famille&nbsp;:<\/p>\n\n\n\n<p class=\"wp-block-paragraph\">Le 3 d\u00e9cembre 1988, un an apr\u00e8s l\u2019\u00e9lection de Ben Ali, mon grand-oncle, Abdellatif \u00e2g\u00e9 de 56 ans, conduisait sa voiture en direction de La Marsa.<\/p>\n\n\n\n<p class=\"wp-block-paragraph\">Abdellatif \u00e9tait le cousin germain de mon grand-p\u00e8re, Mansour.&nbsp; Il \u00e9tait le pilote officiel d\u2019Habib Bourguiba, le Pr\u00e9sident pr\u00e9c\u00e9dent. Pour Ben Ali, il \u00e9tait l\u2019une de ses cibles car il avait d\u00e9cid\u00e9 d\u2019\u00e9liminer tous les acteurs du r\u00e9gime de Bourguiba, afin de n\u2019en laisser aucune trace.<\/p>\n\n\n\n<p class=\"wp-block-paragraph\">Mais apr\u00e8s son arriv\u00e9e, ma famille n\u2019eut plus aucune nouvelle de lui. Sa fille, chez qui il devait se rendre, l\u2019attendit toute la nuit. La voiture et toutes ses affaires personnelles avaient disparu. Ils appel\u00e8rent donc la police, et apr\u00e8s enqu\u00eate, elle retrouva dans l\u2019eau la voiture et bien sur le corps de mon grand-oncle.<\/p>\n\n\n\n<p class=\"wp-block-paragraph\">Mon grand-p\u00e8re, qui \u00e0 l\u2019\u00e9poque \u00e9tait l\u2019un des capitaines du port, alla identifier le corps et remarqua la marque d\u2019une blessure par balle dans la nuque d\u2019Abdellatif. L\u2019autopsie de la police attribua la mort de mon grand-oncle \u00e0 un accident de voiture.<\/p>\n\n\n\n<p class=\"wp-block-paragraph\">&nbsp;D\u2019apr\u00e8s mon grand-p\u00e8re, ils ne purent contester contre l\u2019autopsie de la police, s\u2019ils ne voulaient pas avoir eux aussi quelques probl\u00e8mes.<\/p>\n","protected":false},"excerpt":{"rendered":"<p>En f\u00e9vrier dernier, l\u2019ex-pr\u00e9sident tunisien, Ben Ali, a \u00e9t\u00e9 chass\u00e9 par son peuple. Pendant son \u00ab&nbsp;r\u00e8gne&nbsp;\u00bb il a tout fait pour garder le pouvoir en \u00e9liminant les opposants. Ceci a aussi touch\u00e9 mon entourage,&#46;&#46;&#46;<\/p>\n","protected":false},"author":1,"featured_media":0,"comment_status":"closed","ping_status":"closed","sticky":false,"template":"","format":"standard","meta":{"_crdt_document":"","footnotes":""},"categories":[15,1],"tags":[1010,1008,1007,1009,344],"class_list":["post-829","post","type-post","status-publish","format-standard","hentry","category-accidents","category-non-classe","tag-assassinat","tag-ben-ali","tag-bourguiba","tag-dictateur","tag-tunisie"],"jetpack_featured_media_url":"","_links":{"self":[{"href":"https:\/\/grenierdecourbevoie.fr\/index.php\/wp-json\/wp\/v2\/posts\/829","targetHints":{"allow":["GET"]}}],"collection":[{"href":"https:\/\/grenierdecourbevoie.fr\/index.php\/wp-json\/wp\/v2\/posts"}],"about":[{"href":"https:\/\/grenierdecourbevoie.fr\/index.php\/wp-json\/wp\/v2\/types\/post"}],"author":[{"embeddable":true,"href":"https:\/\/grenierdecourbevoie.fr\/index.php\/wp-json\/wp\/v2\/users\/1"}],"replies":[{"embeddable":true,"href":"https:\/\/grenierdecourbevoie.fr\/index.php\/wp-json\/wp\/v2\/comments?post=829"}],"version-history":[{"count":1,"href":"https:\/\/grenierdecourbevoie.fr\/index.php\/wp-json\/wp\/v2\/posts\/829\/revisions"}],"predecessor-version":[{"id":830,"href":"https:\/\/grenierdecourbevoie.fr\/index.php\/wp-json\/wp\/v2\/posts\/829\/revisions\/830"}],"wp:attachment":[{"href":"https:\/\/grenierdecourbevoie.fr\/index.php\/wp-json\/wp\/v2\/media?parent=829"}],"wp:term":[{"taxonomy":"category","embeddable":true,"href":"https:\/\/grenierdecourbevoie.fr\/index.php\/wp-json\/wp\/v2\/categories?post=829"},{"taxonomy":"post_tag","embeddable":true,"href":"https:\/\/grenierdecourbevoie.fr\/index.php\/wp-json\/wp\/v2\/tags?post=829"}],"curies":[{"name":"wp","href":"https:\/\/api.w.org\/{rel}","templated":true}]}}