{"id":843,"date":"2022-11-05T19:28:27","date_gmt":"2022-11-05T18:28:27","guid":{"rendered":"http:\/\/grenierdecourbevoie.fr\/?p=843"},"modified":"2022-11-05T19:28:28","modified_gmt":"2022-11-05T18:28:28","slug":"ils-en-tenaient-une-couche","status":"publish","type":"post","link":"https:\/\/grenierdecourbevoie.fr\/index.php\/2022\/11\/05\/ils-en-tenaient-une-couche\/","title":{"rendered":"Ils en tenaient une couche"},"content":{"rendered":"\n<p class=\"wp-block-paragraph\">Je vais vous parler d\u2018une courte anecdote de famille \u00e0 propos d\u2019une petite b\u00eatise de mes fr\u00e8res quand ils \u00e9taient encore b\u00e9b\u00e9. Ils avaient environ 10 mois. C\u2019\u00e9tait au moment o\u00f9 nous \u00e9tions en train d\u2019emm\u00e9nager dans un nouvel appartement. Mes parents et moi montions un lit. Donc comme ils ne voulaient pas que mes fr\u00e8res sortent de leur chambre ils mirent une petite barri\u00e8re. Mes fr\u00e8res, seuls, avaient quelques difficult\u00e9s pour se mettre debout mais ils y r\u00e9ussirent tout de m\u00eame et attrap\u00e8rent les paquets de coton et de couches. En quelques instants, la chambre devint blanche\u2026<\/p>\n","protected":false},"excerpt":{"rendered":"<p>Je vais vous parler d\u2018une courte anecdote de famille \u00e0 propos d\u2019une petite b\u00eatise de mes fr\u00e8res quand ils \u00e9taient encore b\u00e9b\u00e9. Ils avaient environ 10 mois. C\u2019\u00e9tait au moment o\u00f9 nous \u00e9tions en&#46;&#46;&#46;<\/p>\n","protected":false},"author":1,"featured_media":0,"comment_status":"closed","ping_status":"closed","sticky":false,"template":"","format":"standard","meta":{"_crdt_document":"","footnotes":""},"categories":[9],"tags":[662,1021],"class_list":["post-843","post","type-post","status-publish","format-standard","hentry","category-enfance","tag-betise","tag-couches"],"jetpack_featured_media_url":"","_links":{"self":[{"href":"https:\/\/grenierdecourbevoie.fr\/index.php\/wp-json\/wp\/v2\/posts\/843","targetHints":{"allow":["GET"]}}],"collection":[{"href":"https:\/\/grenierdecourbevoie.fr\/index.php\/wp-json\/wp\/v2\/posts"}],"about":[{"href":"https:\/\/grenierdecourbevoie.fr\/index.php\/wp-json\/wp\/v2\/types\/post"}],"author":[{"embeddable":true,"href":"https:\/\/grenierdecourbevoie.fr\/index.php\/wp-json\/wp\/v2\/users\/1"}],"replies":[{"embeddable":true,"href":"https:\/\/grenierdecourbevoie.fr\/index.php\/wp-json\/wp\/v2\/comments?post=843"}],"version-history":[{"count":1,"href":"https:\/\/grenierdecourbevoie.fr\/index.php\/wp-json\/wp\/v2\/posts\/843\/revisions"}],"predecessor-version":[{"id":844,"href":"https:\/\/grenierdecourbevoie.fr\/index.php\/wp-json\/wp\/v2\/posts\/843\/revisions\/844"}],"wp:attachment":[{"href":"https:\/\/grenierdecourbevoie.fr\/index.php\/wp-json\/wp\/v2\/media?parent=843"}],"wp:term":[{"taxonomy":"category","embeddable":true,"href":"https:\/\/grenierdecourbevoie.fr\/index.php\/wp-json\/wp\/v2\/categories?post=843"},{"taxonomy":"post_tag","embeddable":true,"href":"https:\/\/grenierdecourbevoie.fr\/index.php\/wp-json\/wp\/v2\/tags?post=843"}],"curies":[{"name":"wp","href":"https:\/\/api.w.org\/{rel}","templated":true}]}}