{"id":848,"date":"2022-11-05T19:33:33","date_gmt":"2022-11-05T18:33:33","guid":{"rendered":"http:\/\/grenierdecourbevoie.fr\/?p=848"},"modified":"2022-11-05T19:39:17","modified_gmt":"2022-11-05T18:39:17","slug":"un-berger-allemand-bien-francais","status":"publish","type":"post","link":"https:\/\/grenierdecourbevoie.fr\/index.php\/2022\/11\/05\/un-berger-allemand-bien-francais\/","title":{"rendered":"Un berger allemand bien fran\u00e7ais"},"content":{"rendered":"\n<p class=\"wp-block-paragraph\">Chaque famille a son histoire tant\u00f4t joyeuse, tant\u00f4t grave ; la mienne m\u00eale les deux. Je la tiens de mon p\u00e8re qui la tient lui-m\u00eame de sa grand-m\u00e8re. Cela se d\u00e9roula pendant l\u2019occupation allemande de 1940-1945 en Bretagne.<\/p>\n\n\n\n<p class=\"wp-block-paragraph\">Mon arri\u00e8re-grand-m\u00e8re paternelle poss\u00e9dait alors un superbe berger allemand alliant ruse et beaut\u00e9. Il avait pour habitude de se balader seul sans sa ma\u00eetresse dans les rues de Foug\u00e8res, o\u00f9 ce chien \u00e9tait assez connu.<\/p>\n\n\n\n<p class=\"wp-block-paragraph\">Seulement les lois appliqu\u00e9es par les Allemands interdisaient aux propri\u00e9taires de chiens de les laisser vagabonder sans surveillance, et surtout lorsqu\u2019il s\u2019agissait d\u2019un chien de garde comme le berger allemand.<\/p>\n\n\n\n<p class=\"wp-block-paragraph\">Et pendant une de ses balades le chien fut rep\u00e9r\u00e9 par des soldats allemands qui d\u00e9cid\u00e8rent alors de le capturer et quitt\u00e8rent donc leur poste pour le poursuivre. Mais ce chien \u00e9tant dou\u00e9 d\u2019une grande intelligence ne se laissa pas attraper b\u00eatement et connaissant parfaitement les rues du quartier, il commen\u00e7a \u00e0 promener les Allemands qui l\u2019avaient pris en chasse. Et pendant plus d\u2019une heure la poursuite continua pour finir dans l\u2019escalier de la maison de mon arri\u00e8re-grand-m\u00e8re o\u00f9 se trouvait sa niche.<\/p>\n\n\n\n<p class=\"wp-block-paragraph\">Alors les allemands all\u00e8rent dans la boutique de mon arri\u00e8re-grand-m\u00e8re pour lui dire que son chien avait \u00e9t\u00e9 surpris en plein vagabondage et donc avait enfreint la loi. Mais pendant ce temps le chien s\u2019\u00e9tait couch\u00e9 sur sa couverture et faisait semblant de dormir.<\/p>\n\n\n\n<p class=\"wp-block-paragraph\">Mon arri\u00e8re grand \u2013m\u00e8re montra alors la niche aux Allemands avec le chien dormant sur sa couverture ou du moins le faisait-il croire. Ils ne purent prouver sa faute et s\u2019en all\u00e8rent en jurant entre leurs dents.<\/p>\n\n\n\n<figure class=\"wp-block-image size-large is-resized\"><img loading=\"lazy\" decoding=\"async\" src=\"https:\/\/grenierdecourbevoie.fr\/wp-content\/uploads\/2022\/11\/Tomydog-624x1024.jpg\" alt=\"\" class=\"wp-image-849\" width=\"296\" height=\"486\" srcset=\"https:\/\/grenierdecourbevoie.fr\/wp-content\/uploads\/2022\/11\/Tomydog-624x1024.jpg 624w, https:\/\/grenierdecourbevoie.fr\/wp-content\/uploads\/2022\/11\/Tomydog-183x300.jpg 183w, https:\/\/grenierdecourbevoie.fr\/wp-content\/uploads\/2022\/11\/Tomydog-768x1261.jpg 768w, https:\/\/grenierdecourbevoie.fr\/wp-content\/uploads\/2022\/11\/Tomydog-936x1536.jpg 936w, https:\/\/grenierdecourbevoie.fr\/wp-content\/uploads\/2022\/11\/Tomydog.jpg 954w\" sizes=\"auto, (max-width: 296px) 100vw, 296px\" \/><figcaption class=\"wp-element-caption\">Tomy<\/figcaption><\/figure>\n","protected":false},"excerpt":{"rendered":"<p>Chaque famille a son histoire tant\u00f4t joyeuse, tant\u00f4t grave ; la mienne m\u00eale les deux. Je la tiens de mon p\u00e8re qui la tient lui-m\u00eame de sa grand-m\u00e8re. Cela se d\u00e9roula pendant l\u2019occupation allemande&#46;&#46;&#46;<\/p>\n","protected":false},"author":1,"featured_media":852,"comment_status":"closed","ping_status":"closed","sticky":false,"template":"","format":"standard","meta":{"_crdt_document":"","footnotes":""},"categories":[10,24],"tags":[299,1023,300,199,48],"class_list":["post-848","post","type-post","status-publish","format-standard","has-post-thumbnail","hentry","category-animaux","category-guerre","tag-allemands","tag-berger-allemand","tag-bretagne","tag-chien","tag-occupation"],"jetpack_featured_media_url":"https:\/\/grenierdecourbevoie.fr\/wp-content\/uploads\/2022\/11\/Tomydog2.jpg","_links":{"self":[{"href":"https:\/\/grenierdecourbevoie.fr\/index.php\/wp-json\/wp\/v2\/posts\/848","targetHints":{"allow":["GET"]}}],"collection":[{"href":"https:\/\/grenierdecourbevoie.fr\/index.php\/wp-json\/wp\/v2\/posts"}],"about":[{"href":"https:\/\/grenierdecourbevoie.fr\/index.php\/wp-json\/wp\/v2\/types\/post"}],"author":[{"embeddable":true,"href":"https:\/\/grenierdecourbevoie.fr\/index.php\/wp-json\/wp\/v2\/users\/1"}],"replies":[{"embeddable":true,"href":"https:\/\/grenierdecourbevoie.fr\/index.php\/wp-json\/wp\/v2\/comments?post=848"}],"version-history":[{"count":2,"href":"https:\/\/grenierdecourbevoie.fr\/index.php\/wp-json\/wp\/v2\/posts\/848\/revisions"}],"predecessor-version":[{"id":854,"href":"https:\/\/grenierdecourbevoie.fr\/index.php\/wp-json\/wp\/v2\/posts\/848\/revisions\/854"}],"wp:featuredmedia":[{"embeddable":true,"href":"https:\/\/grenierdecourbevoie.fr\/index.php\/wp-json\/wp\/v2\/media\/852"}],"wp:attachment":[{"href":"https:\/\/grenierdecourbevoie.fr\/index.php\/wp-json\/wp\/v2\/media?parent=848"}],"wp:term":[{"taxonomy":"category","embeddable":true,"href":"https:\/\/grenierdecourbevoie.fr\/index.php\/wp-json\/wp\/v2\/categories?post=848"},{"taxonomy":"post_tag","embeddable":true,"href":"https:\/\/grenierdecourbevoie.fr\/index.php\/wp-json\/wp\/v2\/tags?post=848"}],"curies":[{"name":"wp","href":"https:\/\/api.w.org\/{rel}","templated":true}]}}