{"id":860,"date":"2022-11-06T10:37:34","date_gmt":"2022-11-06T09:37:34","guid":{"rendered":"http:\/\/grenierdecourbevoie.fr\/?p=860"},"modified":"2022-11-06T10:37:35","modified_gmt":"2022-11-06T09:37:35","slug":"quand-on-semmele-les-pedales","status":"publish","type":"post","link":"https:\/\/grenierdecourbevoie.fr\/index.php\/2022\/11\/06\/quand-on-semmele-les-pedales\/","title":{"rendered":"Quand on s\u2019emm\u00eale les p\u00e9dales \u2026"},"content":{"rendered":"\n<p class=\"wp-block-paragraph\">Il y a trois ans de cela, ma s\u0153ur, qui a 20 ans aujourd\u2019hui, \u00ab&nbsp;essayait&nbsp;\u00bb de passer son permis de conduire. Un jour, elle d\u00e9cida de conduire dans la ville avec la voiture de notre m\u00e8re. Je me d\u00e9cidai \u00e0 les accompagner. Alors, ma m\u00e8re, ma s\u0153ur et moi, sommes all\u00e9es dans la Twingo rouge. Ma s\u0153ur conduisait dans toute la ville, sans aucune difficult\u00e9. Elle faisait attention, elle \u00e9coutait les conseils de maman. Quand nous d\u00e9cid\u00e2mes de rentrer \u00e0 la maison, ma s\u0153ur voulut rentrer la voiture dans le parking. Mais maman n\u2019\u00e9tait pas tr\u00e8s motiv\u00e9e par cette id\u00e9e. Sa fille insista et, finalement, maman accepta. Ma s\u0153ur prit le virage. Je me souviens exactement de ce moment. Ma m\u00e8re disait&nbsp;: \u00ab&nbsp; Et maintenant tu freines, tu freines\u2026 TU FREINES&nbsp;!&nbsp;\u00bb \u2026 Et soudain je vis le mur se rapprocher de nous et la voiture rentra finalement en collision avec le mur. Ca a \u00e9t\u00e9 un terrible choc&nbsp;! La voiture fumait. Un homme juste \u00e0 c\u00f4t\u00e9 de la voiture \u00e9tait compl\u00e8tement effray\u00e9. Ma s\u0153ur ne bougeait pas, elle \u00e9tait t\u00e9tanis\u00e9e! Ma m\u00e8re lui disait&nbsp;: \u00ab&nbsp;C\u2019est un cauchemar! Ma voiture, ma pauvre voiture!&nbsp;\u00bb Ma s\u0153ur avait juste trouv\u00e9 \u00e0 r\u00e9pondre&nbsp;: \u00ab&nbsp;Je suis d\u00e9sol\u00e9e, j\u2019ai confondu les p\u00e9dales \u2026\u00bb On a donc amen\u00e9 la voiture chez le garagiste. De plus, ma s\u0153ur et moi ne savions pas que maman \u00e9tait enceinte \u00e0 ce moment l\u00e0. Ma s\u0153ur n\u2019a plus jamais reconduit la Twingo, et n\u2019a toujours pas son permis de conduire!<\/p>\n","protected":false},"excerpt":{"rendered":"<p>Il y a trois ans de cela, ma s\u0153ur, qui a 20 ans aujourd\u2019hui, \u00ab&nbsp;essayait&nbsp;\u00bb de passer son permis de conduire. Un jour, elle d\u00e9cida de conduire dans la ville avec la voiture de&#46;&#46;&#46;<\/p>\n","protected":false},"author":1,"featured_media":0,"comment_status":"closed","ping_status":"closed","sticky":false,"template":"","format":"standard","meta":{"_crdt_document":"","footnotes":""},"categories":[15],"tags":[552,42,1031,799],"class_list":["post-860","post","type-post","status-publish","format-standard","hentry","category-accidents","tag-accident","tag-automobile","tag-permis","tag-voitures"],"jetpack_featured_media_url":"","_links":{"self":[{"href":"https:\/\/grenierdecourbevoie.fr\/index.php\/wp-json\/wp\/v2\/posts\/860","targetHints":{"allow":["GET"]}}],"collection":[{"href":"https:\/\/grenierdecourbevoie.fr\/index.php\/wp-json\/wp\/v2\/posts"}],"about":[{"href":"https:\/\/grenierdecourbevoie.fr\/index.php\/wp-json\/wp\/v2\/types\/post"}],"author":[{"embeddable":true,"href":"https:\/\/grenierdecourbevoie.fr\/index.php\/wp-json\/wp\/v2\/users\/1"}],"replies":[{"embeddable":true,"href":"https:\/\/grenierdecourbevoie.fr\/index.php\/wp-json\/wp\/v2\/comments?post=860"}],"version-history":[{"count":1,"href":"https:\/\/grenierdecourbevoie.fr\/index.php\/wp-json\/wp\/v2\/posts\/860\/revisions"}],"predecessor-version":[{"id":861,"href":"https:\/\/grenierdecourbevoie.fr\/index.php\/wp-json\/wp\/v2\/posts\/860\/revisions\/861"}],"wp:attachment":[{"href":"https:\/\/grenierdecourbevoie.fr\/index.php\/wp-json\/wp\/v2\/media?parent=860"}],"wp:term":[{"taxonomy":"category","embeddable":true,"href":"https:\/\/grenierdecourbevoie.fr\/index.php\/wp-json\/wp\/v2\/categories?post=860"},{"taxonomy":"post_tag","embeddable":true,"href":"https:\/\/grenierdecourbevoie.fr\/index.php\/wp-json\/wp\/v2\/tags?post=860"}],"curies":[{"name":"wp","href":"https:\/\/api.w.org\/{rel}","templated":true}]}}