{"id":887,"date":"2022-11-06T11:06:02","date_gmt":"2022-11-06T10:06:02","guid":{"rendered":"http:\/\/grenierdecourbevoie.fr\/?p=887"},"modified":"2022-11-06T11:06:03","modified_gmt":"2022-11-06T10:06:03","slug":"pepe-fait-de-la-resistance","status":"publish","type":"post","link":"https:\/\/grenierdecourbevoie.fr\/index.php\/2022\/11\/06\/pepe-fait-de-la-resistance\/","title":{"rendered":"P\u00e9p\u00e9 fait de la r\u00e9sistance"},"content":{"rendered":"\n<p class=\"wp-block-paragraph\">Le 26 ao\u00fbt 1944, ma grand-m\u00e8re avait presque 19 ans. Sa m\u00e8re morte et son p\u00e8re prisonnier de guerre, elle vivait seule avec son grand p\u00e8re, dit P\u00e9p\u00e9. Paris venait juste d&#8217;\u00eatre lib\u00e9r\u00e9 et ils se rendirent \u00e0 la messe organis\u00e9e pour l&#8217;occasion \u00e0 la cath\u00e9drale de Notre Dame. Ils trouv\u00e8rent deux places proches de l&#8217;all\u00e9e centrale, malgr\u00e9 la foule qui fuyait les fusillades qui avaient lieu sur le parvis. Une fois les portes ferm\u00e9es, seul le rythme des pas du g\u00e9n\u00e9ral de Gaulle suivi du g\u00e9n\u00e9ral Leclerc r\u00e9sonnait au son du Magnificat. Soudain, des coups de feu retentirent \u00e0 l&#8217;int\u00e9rieur m\u00eame de la nef.<\/p>\n\n\n\n<p class=\"wp-block-paragraph\">Imperturbables, les deux g\u00e9n\u00e9raux poursuivaient leur marche vers l&#8217;autel, pendant que la foule se jetait sous les bancs. Seul P\u00e9p\u00e9 resta debout, en relevant sa petite fille qui voulait se cacher : &#8220;si on doit mourir, on mourra debout&#8221;. De Gaulle et Leclerc salu\u00e8rent leur courage, de Gaulle d&#8217;un signe de t\u00eate et Leclerc d&#8217;une poign\u00e9e de main.<\/p>\n","protected":false},"excerpt":{"rendered":"<p>Le 26 ao\u00fbt 1944, ma grand-m\u00e8re avait presque 19 ans. Sa m\u00e8re morte et son p\u00e8re prisonnier de guerre, elle vivait seule avec son grand p\u00e8re, dit P\u00e9p\u00e9. Paris venait juste d&#8217;\u00eatre lib\u00e9r\u00e9 et&#46;&#46;&#46;<\/p>\n","protected":false},"author":1,"featured_media":0,"comment_status":"closed","ping_status":"closed","sticky":false,"template":"","format":"standard","meta":{"_crdt_document":"","footnotes":""},"categories":[9,24],"tags":[1052,77,376,1053,44,1054],"class_list":["post-887","post","type-post","status-publish","format-standard","hentry","category-enfance","category-guerre","tag-courage","tag-de-gaulle","tag-deuxieme-guerre-mondiale","tag-leclerc","tag-liberation","tag-notre-dame"],"jetpack_featured_media_url":"","_links":{"self":[{"href":"https:\/\/grenierdecourbevoie.fr\/index.php\/wp-json\/wp\/v2\/posts\/887","targetHints":{"allow":["GET"]}}],"collection":[{"href":"https:\/\/grenierdecourbevoie.fr\/index.php\/wp-json\/wp\/v2\/posts"}],"about":[{"href":"https:\/\/grenierdecourbevoie.fr\/index.php\/wp-json\/wp\/v2\/types\/post"}],"author":[{"embeddable":true,"href":"https:\/\/grenierdecourbevoie.fr\/index.php\/wp-json\/wp\/v2\/users\/1"}],"replies":[{"embeddable":true,"href":"https:\/\/grenierdecourbevoie.fr\/index.php\/wp-json\/wp\/v2\/comments?post=887"}],"version-history":[{"count":1,"href":"https:\/\/grenierdecourbevoie.fr\/index.php\/wp-json\/wp\/v2\/posts\/887\/revisions"}],"predecessor-version":[{"id":888,"href":"https:\/\/grenierdecourbevoie.fr\/index.php\/wp-json\/wp\/v2\/posts\/887\/revisions\/888"}],"wp:attachment":[{"href":"https:\/\/grenierdecourbevoie.fr\/index.php\/wp-json\/wp\/v2\/media?parent=887"}],"wp:term":[{"taxonomy":"category","embeddable":true,"href":"https:\/\/grenierdecourbevoie.fr\/index.php\/wp-json\/wp\/v2\/categories?post=887"},{"taxonomy":"post_tag","embeddable":true,"href":"https:\/\/grenierdecourbevoie.fr\/index.php\/wp-json\/wp\/v2\/tags?post=887"}],"curies":[{"name":"wp","href":"https:\/\/api.w.org\/{rel}","templated":true}]}}