{"id":898,"date":"2022-11-06T11:14:17","date_gmt":"2022-11-06T10:14:17","guid":{"rendered":"http:\/\/grenierdecourbevoie.fr\/?p=898"},"modified":"2022-11-06T11:14:18","modified_gmt":"2022-11-06T10:14:18","slug":"il-nous-a-parle-de-toit","status":"publish","type":"post","link":"https:\/\/grenierdecourbevoie.fr\/index.php\/2022\/11\/06\/il-nous-a-parle-de-toit\/","title":{"rendered":"Il nous a parl\u00e9 de toit&nbsp;"},"content":{"rendered":"\n<p class=\"wp-block-paragraph\">Selon une histoire familiale, quand mon arri\u00e8re grand-oncle \u00e9tait sur le point de mourir et que tout le monde le consid\u00e9rait comme condamn\u00e9, il se serait r\u00e9veill\u00e9 \u00e0 la surprise g\u00e9n\u00e9rale. Le mourant se serait souvenu que le toit endommag\u00e9 \u00e0 cause d\u2019une temp\u00eate ant\u00e9rieure n\u2019\u00e9tait toujours pas r\u00e9par\u00e9. Il d\u00e9clara qu\u2019il ne pouvait mourir en paix du moment que ses enfants et petit-enfants n\u2019avaient pas un solide toit au-dessus de leur t\u00eate! Une fois le toit r\u00e9par\u00e9 il se serait rendormi et il mourut en paix comme il le voulait.<\/p>\n\n\n\n<p class=\"wp-block-paragraph\">Est-ce une histoire vraie ou juste une l\u00e9gende&nbsp;? Je ne saurais le dire mais ce qui est s\u00fbr c\u2019est que cette histoire est hors norme.<\/p>\n","protected":false},"excerpt":{"rendered":"<p>Selon une histoire familiale, quand mon arri\u00e8re grand-oncle \u00e9tait sur le point de mourir et que tout le monde le consid\u00e9rait comme condamn\u00e9, il se serait r\u00e9veill\u00e9 \u00e0 la surprise g\u00e9n\u00e9rale. Le mourant se&#46;&#46;&#46;<\/p>\n","protected":false},"author":1,"featured_media":0,"comment_status":"closed","ping_status":"closed","sticky":false,"template":"","format":"standard","meta":{"_crdt_document":"","footnotes":""},"categories":[15,13],"tags":[1067,1066,632,1065],"class_list":["post-898","post","type-post","status-publish","format-standard","hentry","category-accidents","category-traditions-et-legendes","tag-mourir","tag-reparation","tag-tempete","tag-toit"],"jetpack_featured_media_url":"","_links":{"self":[{"href":"https:\/\/grenierdecourbevoie.fr\/index.php\/wp-json\/wp\/v2\/posts\/898","targetHints":{"allow":["GET"]}}],"collection":[{"href":"https:\/\/grenierdecourbevoie.fr\/index.php\/wp-json\/wp\/v2\/posts"}],"about":[{"href":"https:\/\/grenierdecourbevoie.fr\/index.php\/wp-json\/wp\/v2\/types\/post"}],"author":[{"embeddable":true,"href":"https:\/\/grenierdecourbevoie.fr\/index.php\/wp-json\/wp\/v2\/users\/1"}],"replies":[{"embeddable":true,"href":"https:\/\/grenierdecourbevoie.fr\/index.php\/wp-json\/wp\/v2\/comments?post=898"}],"version-history":[{"count":1,"href":"https:\/\/grenierdecourbevoie.fr\/index.php\/wp-json\/wp\/v2\/posts\/898\/revisions"}],"predecessor-version":[{"id":899,"href":"https:\/\/grenierdecourbevoie.fr\/index.php\/wp-json\/wp\/v2\/posts\/898\/revisions\/899"}],"wp:attachment":[{"href":"https:\/\/grenierdecourbevoie.fr\/index.php\/wp-json\/wp\/v2\/media?parent=898"}],"wp:term":[{"taxonomy":"category","embeddable":true,"href":"https:\/\/grenierdecourbevoie.fr\/index.php\/wp-json\/wp\/v2\/categories?post=898"},{"taxonomy":"post_tag","embeddable":true,"href":"https:\/\/grenierdecourbevoie.fr\/index.php\/wp-json\/wp\/v2\/tags?post=898"}],"curies":[{"name":"wp","href":"https:\/\/api.w.org\/{rel}","templated":true}]}}