{"id":900,"date":"2022-11-06T11:16:15","date_gmt":"2022-11-06T10:16:15","guid":{"rendered":"http:\/\/grenierdecourbevoie.fr\/?p=900"},"modified":"2022-11-06T11:16:16","modified_gmt":"2022-11-06T10:16:16","slug":"jy-suis-jy-reste","status":"publish","type":"post","link":"https:\/\/grenierdecourbevoie.fr\/index.php\/2022\/11\/06\/jy-suis-jy-reste\/","title":{"rendered":"J\u2019y suis, j\u2019y reste"},"content":{"rendered":"\n<p class=\"wp-block-paragraph\">C\u2019\u00e9tait sous le Second Empire (1852-1871) un enfant grandissait en toute qui\u00e9tude dans un monde paysan, en compagnie d&#8217;une brave femme qu&#8217;il pensait \u00eatre sa m\u00e8re.<\/p>\n\n\n\n<p class=\"wp-block-paragraph\">Jusqu&#8217; au jour o\u00f9, \u00e2g\u00e9 d&#8217;environ 18 ans, il vit arriver une belle dame en grand \u00e9quipage.<\/p>\n\n\n\n<p class=\"wp-block-paragraph\">Celle-ci lui annon\u00e7a : &#8220;Je suis votre m\u00e8re&#8221; et proposa ainsi \u00e0 son fils h\u00e9b\u00e9t\u00e9, de venir vivre aupr\u00e8s d&#8217;elle. On ne sait pour quelle raison, il refusa radicalement affirmant qu&#8217;il n&#8217;y avait \u00e0 ses yeux d&#8217;autre m\u00e8re que celle qui l&#8217;avait \u00e9lev\u00e9.<\/p>\n\n\n\n<p class=\"wp-block-paragraph\">La belle dame afflig\u00e9e dit : &#8220;Vous le regretterez&#8221;. Puis elle d\u00fbt repartir avec ses fastes et ses atours.<\/p>\n\n\n\n<p class=\"wp-block-paragraph\">Ce jeune homme est mon arri\u00e8re-arri\u00e8re-grand-p\u00e8re soit le grand-p\u00e8re de ma grand-m\u00e8re paternelle. Sa m\u00e8re l&#8217;avait plac\u00e9 chez une nourrice, charg\u00e9e de l&#8217;\u00e9lever en pleine campagne.<\/p>\n\n\n\n<p class=\"wp-block-paragraph\">Elle se souciait de lui et venait veiller \u00e0 ce que tout se passe pour le mieux. Elle profitait de ces visites pour fournir quelques soutiens p\u00e9cuniaires n\u00e9cessaires \u00e0 son confort.<\/p>\n\n\n\n<p class=\"wp-block-paragraph\">Pourquoi ce refus ? Il \u00e9tait r\u00e9ticent lorsqu&#8217; il s&#8217;agissait d&#8217;en parler, ce fut comme un tabou&#8230;<\/p>\n\n\n\n<p class=\"wp-block-paragraph\">Jamais il ne vit son p\u00e8re.<\/p>\n\n\n\n<p class=\"wp-block-paragraph\">Il h\u00e9rita cependant d&#8217;une chose : de son nom, ce nom qui est celui d&#8217;un domaine&#8230;<\/p>\n","protected":false},"excerpt":{"rendered":"<p>C\u2019\u00e9tait sous le Second Empire (1852-1871) un enfant grandissait en toute qui\u00e9tude dans un monde paysan, en compagnie d&#8217;une brave femme qu&#8217;il pensait \u00eatre sa m\u00e8re. Jusqu&#8217; au jour o\u00f9, \u00e2g\u00e9 d&#8217;environ 18 ans,&#46;&#46;&#46;<\/p>\n","protected":false},"author":1,"featured_media":0,"comment_status":"closed","ping_status":"closed","sticky":false,"template":"","format":"standard","meta":{"_crdt_document":"","footnotes":""},"categories":[9,13],"tags":[707,1068,984,1028,1070],"class_list":["post-900","post","type-post","status-publish","format-standard","hentry","category-enfance","category-traditions-et-legendes","tag-heritage","tag-napoleon-iii","tag-noblesse","tag-nom","tag-nourrice"],"jetpack_featured_media_url":"","_links":{"self":[{"href":"https:\/\/grenierdecourbevoie.fr\/index.php\/wp-json\/wp\/v2\/posts\/900","targetHints":{"allow":["GET"]}}],"collection":[{"href":"https:\/\/grenierdecourbevoie.fr\/index.php\/wp-json\/wp\/v2\/posts"}],"about":[{"href":"https:\/\/grenierdecourbevoie.fr\/index.php\/wp-json\/wp\/v2\/types\/post"}],"author":[{"embeddable":true,"href":"https:\/\/grenierdecourbevoie.fr\/index.php\/wp-json\/wp\/v2\/users\/1"}],"replies":[{"embeddable":true,"href":"https:\/\/grenierdecourbevoie.fr\/index.php\/wp-json\/wp\/v2\/comments?post=900"}],"version-history":[{"count":1,"href":"https:\/\/grenierdecourbevoie.fr\/index.php\/wp-json\/wp\/v2\/posts\/900\/revisions"}],"predecessor-version":[{"id":901,"href":"https:\/\/grenierdecourbevoie.fr\/index.php\/wp-json\/wp\/v2\/posts\/900\/revisions\/901"}],"wp:attachment":[{"href":"https:\/\/grenierdecourbevoie.fr\/index.php\/wp-json\/wp\/v2\/media?parent=900"}],"wp:term":[{"taxonomy":"category","embeddable":true,"href":"https:\/\/grenierdecourbevoie.fr\/index.php\/wp-json\/wp\/v2\/categories?post=900"},{"taxonomy":"post_tag","embeddable":true,"href":"https:\/\/grenierdecourbevoie.fr\/index.php\/wp-json\/wp\/v2\/tags?post=900"}],"curies":[{"name":"wp","href":"https:\/\/api.w.org\/{rel}","templated":true}]}}