{"id":904,"date":"2022-11-06T11:19:04","date_gmt":"2022-11-06T10:19:04","guid":{"rendered":"http:\/\/grenierdecourbevoie.fr\/?p=904"},"modified":"2022-11-06T11:19:05","modified_gmt":"2022-11-06T10:19:05","slug":"au-fond-du-trou","status":"publish","type":"post","link":"https:\/\/grenierdecourbevoie.fr\/index.php\/2022\/11\/06\/au-fond-du-trou\/","title":{"rendered":"Au fond du trou"},"content":{"rendered":"\n<p class=\"wp-block-paragraph\">Alors qu\u2019il n\u2019avait qu\u2019une dizaine d\u2019ann\u00e9es, mon oncle partit en vacances avec sa m\u00e8re et sa s\u0153ur, et un de ses amis, \u00e0 la Baule, station baln\u00e9aire de l\u2019ouest de la France.<\/p>\n\n\n\n<p class=\"wp-block-paragraph\">Un jour qu\u2019il s\u2019amusait \u00e0 creuser un trou sur la plage alors d\u00e9serte, ma grand-m\u00e8re lui dit de la rejoindre quelques minutes plus tard avec son ami \u00e0 leur appartement, et les laissa seuls.<\/p>\n\n\n\n<p class=\"wp-block-paragraph\">Le trou grandissait de plus en plus\u2026<\/p>\n\n\n\n<p class=\"wp-block-paragraph\">Dix minutes apr\u00e8s les avoir quitt\u00e9s, ma grand-m\u00e8re vit arriver l\u2019ami de mon oncle qui lui dit de le suivre, sans r\u00e9ussir \u00e0 expliquer clairement pourquoi, mais elle comprit que son fils \u00e9tait en danger&#8230;<\/p>\n\n\n\n<p class=\"wp-block-paragraph\">En arrivant sur la plage, elle n\u2019aper\u00e7ut rien au premier abord, mais apr\u00e8s avoir suivi l\u2019ami de mon oncle, elle arriva devant un trou tr\u00e8s profond au fond duquel \u00e9tait ensabl\u00e9 son fils. Prise de panique, elle s\u2019avan\u00e7a afin de l\u2019aider \u00e0 en sortir, mais le trou n\u2019en fut que plus rempli par le sable qui s\u2019effondrait de plus en plus autour de mon oncle. Sa s\u0153ur, moins lourde, r\u00e9ussit finalement \u00e0 le sortir. Il \u00e9tait glac\u00e9 par l\u2019humidit\u00e9 du sable et flageolait sur ses petites jambes.<\/p>\n\n\n\n<p class=\"wp-block-paragraph\">Il avait failli \u00eatre pi\u00e9tin\u00e9 par des chevaux qui passaient lorsqu\u2019il se trouvait seul au fond de son trou, et que son ami \u00e9tait parti pr\u00e9venir sa m\u00e8re.<\/p>\n\n\n\n<p class=\"wp-block-paragraph\">Depuis ce jour, beaucoup d\u2019accidents ont \u00e9t\u00e9 constat\u00e9s provoqu\u00e9s par des trous creus\u00e9s sur la plage ; un enfant est m\u00eame mort apr\u00e8s avoir \u00e9t\u00e9 \u00e9touff\u00e9, ce qui a r\u00e9cemment conduit \u00e0 renforcer les mesures de surveillance.<\/p>\n","protected":false},"excerpt":{"rendered":"<p>Alors qu\u2019il n\u2019avait qu\u2019une dizaine d\u2019ann\u00e9es, mon oncle partit en vacances avec sa m\u00e8re et sa s\u0153ur, et un de ses amis, \u00e0 la Baule, station baln\u00e9aire de l\u2019ouest de la France. Un jour&#46;&#46;&#46;<\/p>\n","protected":false},"author":1,"featured_media":0,"comment_status":"closed","ping_status":"closed","sticky":false,"template":"","format":"standard","meta":{"_crdt_document":"","footnotes":""},"categories":[15,9,12],"tags":[338,1073,577,588],"class_list":["post-904","post","type-post","status-publish","format-standard","hentry","category-accidents","category-enfance","category-vacances-et-fetes","tag-danger","tag-la-baule","tag-plage","tag-risque"],"jetpack_featured_media_url":"","_links":{"self":[{"href":"https:\/\/grenierdecourbevoie.fr\/index.php\/wp-json\/wp\/v2\/posts\/904","targetHints":{"allow":["GET"]}}],"collection":[{"href":"https:\/\/grenierdecourbevoie.fr\/index.php\/wp-json\/wp\/v2\/posts"}],"about":[{"href":"https:\/\/grenierdecourbevoie.fr\/index.php\/wp-json\/wp\/v2\/types\/post"}],"author":[{"embeddable":true,"href":"https:\/\/grenierdecourbevoie.fr\/index.php\/wp-json\/wp\/v2\/users\/1"}],"replies":[{"embeddable":true,"href":"https:\/\/grenierdecourbevoie.fr\/index.php\/wp-json\/wp\/v2\/comments?post=904"}],"version-history":[{"count":1,"href":"https:\/\/grenierdecourbevoie.fr\/index.php\/wp-json\/wp\/v2\/posts\/904\/revisions"}],"predecessor-version":[{"id":905,"href":"https:\/\/grenierdecourbevoie.fr\/index.php\/wp-json\/wp\/v2\/posts\/904\/revisions\/905"}],"wp:attachment":[{"href":"https:\/\/grenierdecourbevoie.fr\/index.php\/wp-json\/wp\/v2\/media?parent=904"}],"wp:term":[{"taxonomy":"category","embeddable":true,"href":"https:\/\/grenierdecourbevoie.fr\/index.php\/wp-json\/wp\/v2\/categories?post=904"},{"taxonomy":"post_tag","embeddable":true,"href":"https:\/\/grenierdecourbevoie.fr\/index.php\/wp-json\/wp\/v2\/tags?post=904"}],"curies":[{"name":"wp","href":"https:\/\/api.w.org\/{rel}","templated":true}]}}