{"id":923,"date":"2022-11-06T11:50:55","date_gmt":"2022-11-06T10:50:55","guid":{"rendered":"http:\/\/grenierdecourbevoie.fr\/?p=923"},"modified":"2022-11-06T11:50:56","modified_gmt":"2022-11-06T10:50:56","slug":"tableaux-de-famille","status":"publish","type":"post","link":"https:\/\/grenierdecourbevoie.fr\/index.php\/2022\/11\/06\/tableaux-de-famille\/","title":{"rendered":"Tableaux de famille"},"content":{"rendered":"\n<p class=\"wp-block-paragraph\">On a toujours compt\u00e9 des grands peintres au sein de ma famille. Ce don -celui de savoir reproduire parfaitement, \u00e0 l\u2019aide d\u2019un papier et d\u2019un crayon la magnificence d\u2019un objet, d\u2019une personne ou encore d\u2019un paysage- a toujours fait partie de nos g\u00eanes. C\u2019est ainsi que mon p\u00e8re peint, que mon grand-p\u00e8re peint, que le p\u00e8re de celui-ci avait peint, que son grand-p\u00e8re avait \u00e9galement peint et ainsi de suite jusqu\u2019\u00e0 la nuit des temps&nbsp;: cette sorte de tradition familiale s\u2019est transmise de p\u00e8re en fils depuis des g\u00e9n\u00e9rations. Pour la comm\u00e9morer, chaque No\u00ebl, mes cousins, mes cousines et moi-m\u00eame recevons un tableau peint par notre grand-p\u00e8re. Reconnaissables entre tous par leurs couleurs tr\u00e8s flashy&nbsp; et leur style unique, ils emplissent un peu plus chaque ann\u00e9e ma maison, impr\u00e9gnant ainsi les murs de cet esprit si sp\u00e9cial qu\u2019est celui de notre famille.<\/p>\n","protected":false},"excerpt":{"rendered":"<p>On a toujours compt\u00e9 des grands peintres au sein de ma famille. Ce don -celui de savoir reproduire parfaitement, \u00e0 l\u2019aide d\u2019un papier et d\u2019un crayon la magnificence d\u2019un objet, d\u2019une personne ou encore&#46;&#46;&#46;<\/p>\n","protected":false},"author":1,"featured_media":0,"comment_status":"closed","ping_status":"closed","sticky":false,"template":"","format":"standard","meta":{"_crdt_document":"","footnotes":""},"categories":[11,13,12],"tags":[370,259,55,56],"class_list":["post-923","post","type-post","status-publish","format-standard","hentry","category-objets","category-traditions-et-legendes","category-vacances-et-fetes","tag-art","tag-noel","tag-peintre","tag-tableau"],"jetpack_featured_media_url":"","_links":{"self":[{"href":"https:\/\/grenierdecourbevoie.fr\/index.php\/wp-json\/wp\/v2\/posts\/923","targetHints":{"allow":["GET"]}}],"collection":[{"href":"https:\/\/grenierdecourbevoie.fr\/index.php\/wp-json\/wp\/v2\/posts"}],"about":[{"href":"https:\/\/grenierdecourbevoie.fr\/index.php\/wp-json\/wp\/v2\/types\/post"}],"author":[{"embeddable":true,"href":"https:\/\/grenierdecourbevoie.fr\/index.php\/wp-json\/wp\/v2\/users\/1"}],"replies":[{"embeddable":true,"href":"https:\/\/grenierdecourbevoie.fr\/index.php\/wp-json\/wp\/v2\/comments?post=923"}],"version-history":[{"count":1,"href":"https:\/\/grenierdecourbevoie.fr\/index.php\/wp-json\/wp\/v2\/posts\/923\/revisions"}],"predecessor-version":[{"id":924,"href":"https:\/\/grenierdecourbevoie.fr\/index.php\/wp-json\/wp\/v2\/posts\/923\/revisions\/924"}],"wp:attachment":[{"href":"https:\/\/grenierdecourbevoie.fr\/index.php\/wp-json\/wp\/v2\/media?parent=923"}],"wp:term":[{"taxonomy":"category","embeddable":true,"href":"https:\/\/grenierdecourbevoie.fr\/index.php\/wp-json\/wp\/v2\/categories?post=923"},{"taxonomy":"post_tag","embeddable":true,"href":"https:\/\/grenierdecourbevoie.fr\/index.php\/wp-json\/wp\/v2\/tags?post=923"}],"curies":[{"name":"wp","href":"https:\/\/api.w.org\/{rel}","templated":true}]}}