{"id":925,"date":"2022-11-06T11:52:36","date_gmt":"2022-11-06T10:52:36","guid":{"rendered":"http:\/\/grenierdecourbevoie.fr\/?p=925"},"modified":"2022-11-06T11:52:37","modified_gmt":"2022-11-06T10:52:37","slug":"vacances-prolongees","status":"publish","type":"post","link":"https:\/\/grenierdecourbevoie.fr\/index.php\/2022\/11\/06\/vacances-prolongees\/","title":{"rendered":"Vacances prolong\u00e9es"},"content":{"rendered":"\n<p class=\"wp-block-paragraph\">Je devais avoir cinq ou six ans et, avec mes parents, nous \u00e9tions partis en vacances en Turquie pendant deux semaines. Deux semaines, soit dit en passant absolument atroces entre panne de douche et odeurs &#8220;disgracieuses&#8221; qui remontaient par les canalisations. Tout cela ne nous avait pas totalement satisfaits.<\/p>\n\n\n\n<p class=\"wp-block-paragraph\">Et nous voici \u00e0 l&#8217;a\u00e9roport, en fin de journ\u00e9e le 30 ao\u00fbt, heureux de rentrer enfin \u00e0 la maison quand on apprend que l&#8217;avion est en retard. Une petite heure, nous annonce-t-on et nous voil\u00e0 donc \u00e0 errer dans l&#8217;a\u00e9roport avec tous les Fran\u00e7ais de l&#8217;h\u00f4tel qui partaient en m\u00eame temps que nous. Sauf qu\u2019une heure plus tard, toujours pas de vol.\u2026Notre patience, qui avait atteint ses limites (l&#8217;a\u00e9roport n&#8217;\u00e9tait vraiment pas tr\u00e8s grand), nous poussa \u00e0 aller voir ce qui clochait au guichet de la compagnie.<\/p>\n\n\n\n<p class=\"wp-block-paragraph\">La r\u00e9ponse des r\u00e9ceptionnistes fut assez glaciale. Ils nous annonc\u00e8rent que notre avion ne d\u00e9collait pas parce que le pilote s\u2019y refusait, le GPS \u00e9tant en panne.<\/p>\n\n\n\n<p class=\"wp-block-paragraph\">On nous promit qu&#8217;un avion arriverait bient\u00f4t, qu&#8217;on partirait sous peu, et on nous offrait le d\u00eener, c&#8217;est \u00e0 dire un sandwich, une bouteille d&#8217;eau, le tout dans la salle d&#8217;embarquement d&#8217;o\u00f9 on voyait partir tous les avions remplis de touristes qui, eux, avaient la chance de rentrer. Et cet a\u00e9roport, on y est rest\u00e9 28 heures avant que la compagnie ne daigne affr\u00e9ter un avion d\u2019une compagnie n\u00e9erlandaise qui nous a bel et bien ramen\u00e9 \u00e0 Paris apr\u00e8s une prise d\u2019otage du directeur de l\u2019a\u00e9roport, ce qui a bien acc\u00e9l\u00e9r\u00e9 notre retour !<\/p>\n","protected":false},"excerpt":{"rendered":"<p>Je devais avoir cinq ou six ans et, avec mes parents, nous \u00e9tions partis en vacances en Turquie pendant deux semaines. Deux semaines, soit dit en passant absolument atroces entre panne de douche et&#46;&#46;&#46;<\/p>\n","protected":false},"author":1,"featured_media":0,"comment_status":"closed","ping_status":"closed","sticky":false,"template":"","format":"standard","meta":{"_crdt_document":"","footnotes":""},"categories":[15,12],"tags":[296,341,601],"class_list":["post-925","post","type-post","status-publish","format-standard","hentry","category-accidents","category-vacances-et-fetes","tag-avion","tag-panne","tag-turquie"],"jetpack_featured_media_url":"","_links":{"self":[{"href":"https:\/\/grenierdecourbevoie.fr\/index.php\/wp-json\/wp\/v2\/posts\/925","targetHints":{"allow":["GET"]}}],"collection":[{"href":"https:\/\/grenierdecourbevoie.fr\/index.php\/wp-json\/wp\/v2\/posts"}],"about":[{"href":"https:\/\/grenierdecourbevoie.fr\/index.php\/wp-json\/wp\/v2\/types\/post"}],"author":[{"embeddable":true,"href":"https:\/\/grenierdecourbevoie.fr\/index.php\/wp-json\/wp\/v2\/users\/1"}],"replies":[{"embeddable":true,"href":"https:\/\/grenierdecourbevoie.fr\/index.php\/wp-json\/wp\/v2\/comments?post=925"}],"version-history":[{"count":1,"href":"https:\/\/grenierdecourbevoie.fr\/index.php\/wp-json\/wp\/v2\/posts\/925\/revisions"}],"predecessor-version":[{"id":926,"href":"https:\/\/grenierdecourbevoie.fr\/index.php\/wp-json\/wp\/v2\/posts\/925\/revisions\/926"}],"wp:attachment":[{"href":"https:\/\/grenierdecourbevoie.fr\/index.php\/wp-json\/wp\/v2\/media?parent=925"}],"wp:term":[{"taxonomy":"category","embeddable":true,"href":"https:\/\/grenierdecourbevoie.fr\/index.php\/wp-json\/wp\/v2\/categories?post=925"},{"taxonomy":"post_tag","embeddable":true,"href":"https:\/\/grenierdecourbevoie.fr\/index.php\/wp-json\/wp\/v2\/tags?post=925"}],"curies":[{"name":"wp","href":"https:\/\/api.w.org\/{rel}","templated":true}]}}