{"id":950,"date":"2022-11-06T12:18:15","date_gmt":"2022-11-06T11:18:15","guid":{"rendered":"http:\/\/grenierdecourbevoie.fr\/?p=950"},"modified":"2022-11-06T12:18:16","modified_gmt":"2022-11-06T11:18:16","slug":"ma-brouette-et-mes-sabots","status":"publish","type":"post","link":"https:\/\/grenierdecourbevoie.fr\/index.php\/2022\/11\/06\/ma-brouette-et-mes-sabots\/","title":{"rendered":"Ma brouette et mes sabots"},"content":{"rendered":"\n<p class=\"wp-block-paragraph\">Mon arri\u00e8re-grand-p\u00e8re maternel Marcello, n\u00e9 en 1903 \u00e0 Aviano (province de Udine en Italie) est arriv\u00e9 en France \u00e0 pied par le Mont St Bernard avec sa brouette et ses sabots en 1923. Il est arriv\u00e9 en compagnie de quatre amis \u00e0 la recherche de travail et d&#8217;une vie meilleure car l&#8217;Italie \u00e9tait sous la dictature. Ils se sont pos\u00e9s \u00e0 Mourmelon dans la Marne et ont \u00e9t\u00e9 embauch\u00e9s dans des carri\u00e8res de gr\u00e8s dans le but de fabriquer des pav\u00e9s et des bordures de trottoirs.<\/p>\n\n\n\n<p class=\"wp-block-paragraph\">Avant son arriv\u00e9e en France il s&#8217;\u00e9tait fianc\u00e9 \u00e0 Ana (mon arri\u00e8re-grand-m\u00e8re). Apr\u00e8s deux ans de dur labeur et d&#8217;\u00e9conomies il put aller l&#8217;\u00e9pouser en Italie et la ramener en France en 1925.<\/p>\n\n\n\n<p class=\"wp-block-paragraph\">Il apprit le fran\u00e7ais &#8220;sur le tas&#8221; en lisant le journal et en c\u00f4toyant ses coll\u00e8gues fran\u00e7ais mais il apprit surtout \u00e0 l&#8217;\u00e9crire en lisant le journal tous les jours. Ce fut lui qui enseigna le fran\u00e7ais \u00e0 Ana.<\/p>\n\n\n\n<p class=\"wp-block-paragraph\">Les ann\u00e9es qui suivirent, ils s&#8217;install\u00e8rent \u00e0 Epaux-B\u00e9zu (pr\u00e8s de Ch\u00e2teau-Thierry dans l&#8217;Aisne) et naquirent mon oncle Angelo, ma grand-m\u00e8re In\u00e8s, mon oncle Jean-Yves et ma tante Marie-Th\u00e9r\u00e8se.<\/p>\n\n\n\n<p class=\"wp-block-paragraph\">Par sa bonhomie, son sens des affaires et la bosse du commerce, Marcello cr\u00e9a vite une entreprise de transport et de travaux publics qui ne cessa de prosp\u00e9rer jusqu&#8217;\u00e0 sa mort en 1975 et mes oncles re\u00e7urent en h\u00e9ritage une entreprise de 60 employ\u00e9s, de 4 grues, de 2 bulldozers et de 30 camions.<\/p>\n\n\n\n<p class=\"wp-block-paragraph\">H\u00e9ritage fabuleux pour ses fils venant d\u2019un homme qui passa sa vie \u00e0 dire : &#8220;Je suis arriv\u00e9 avec ma brouette et mes sabots.<\/p>\n\n\n\n<p class=\"wp-block-paragraph\">Angelo est d\u00e9c\u00e9d\u00e9 en 2005, Jean-Yves vient de prendre sa retraite et c&#8217;est maintenant Olivier, mon cousin (fils de Jean-Yves) qui vient de reprendre les r\u00eanes de l&#8217;entreprise familiale.<\/p>\n","protected":false},"excerpt":{"rendered":"<p>Mon arri\u00e8re-grand-p\u00e8re maternel Marcello, n\u00e9 en 1903 \u00e0 Aviano (province de Udine en Italie) est arriv\u00e9 en France \u00e0 pied par le Mont St Bernard avec sa brouette et ses sabots en 1923. Il&#46;&#46;&#46;<\/p>\n","protected":false},"author":1,"featured_media":0,"comment_status":"closed","ping_status":"closed","sticky":false,"template":"","format":"standard","meta":{"_crdt_document":"","footnotes":""},"categories":[6,7,28],"tags":[35,1110,487,1113,707,132,1112,1114,1111],"class_list":["post-950","post","type-post","status-publish","format-standard","hentry","category-amour","category-voyage","category-travail","tag-aisne","tag-aviano","tag-entreprise","tag-epaux-brezu","tag-heritage","tag-italie","tag-mourmelon","tag-patron","tag-udine"],"jetpack_featured_media_url":"","_links":{"self":[{"href":"https:\/\/grenierdecourbevoie.fr\/index.php\/wp-json\/wp\/v2\/posts\/950","targetHints":{"allow":["GET"]}}],"collection":[{"href":"https:\/\/grenierdecourbevoie.fr\/index.php\/wp-json\/wp\/v2\/posts"}],"about":[{"href":"https:\/\/grenierdecourbevoie.fr\/index.php\/wp-json\/wp\/v2\/types\/post"}],"author":[{"embeddable":true,"href":"https:\/\/grenierdecourbevoie.fr\/index.php\/wp-json\/wp\/v2\/users\/1"}],"replies":[{"embeddable":true,"href":"https:\/\/grenierdecourbevoie.fr\/index.php\/wp-json\/wp\/v2\/comments?post=950"}],"version-history":[{"count":1,"href":"https:\/\/grenierdecourbevoie.fr\/index.php\/wp-json\/wp\/v2\/posts\/950\/revisions"}],"predecessor-version":[{"id":951,"href":"https:\/\/grenierdecourbevoie.fr\/index.php\/wp-json\/wp\/v2\/posts\/950\/revisions\/951"}],"wp:attachment":[{"href":"https:\/\/grenierdecourbevoie.fr\/index.php\/wp-json\/wp\/v2\/media?parent=950"}],"wp:term":[{"taxonomy":"category","embeddable":true,"href":"https:\/\/grenierdecourbevoie.fr\/index.php\/wp-json\/wp\/v2\/categories?post=950"},{"taxonomy":"post_tag","embeddable":true,"href":"https:\/\/grenierdecourbevoie.fr\/index.php\/wp-json\/wp\/v2\/tags?post=950"}],"curies":[{"name":"wp","href":"https:\/\/api.w.org\/{rel}","templated":true}]}}