{"id":966,"date":"2022-11-06T12:38:05","date_gmt":"2022-11-06T11:38:05","guid":{"rendered":"http:\/\/grenierdecourbevoie.fr\/?p=966"},"modified":"2022-11-06T12:38:06","modified_gmt":"2022-11-06T11:38:06","slug":"aupres-de-mon-cedre","status":"publish","type":"post","link":"https:\/\/grenierdecourbevoie.fr\/index.php\/2022\/11\/06\/aupres-de-mon-cedre\/","title":{"rendered":"Aupr\u00e8s de mon c\u00e8dre"},"content":{"rendered":"\n<p class=\"wp-block-paragraph\">Chaque personne ouvre ses yeux dans un coin du monde. Le mien s\u2019appelle le Liban.<br>C&#8217;\u00e9tait beaucoup plus qu&#8217;un pays normal, c&#8217;\u00e9tait le paradis sur terre. Je suis n\u00e9e l\u00e0-bas ; mon p\u00e8re et ma famille enti\u00e8re ont pass\u00e9 l\u2019essentiel de leurs vies \u00e0 lutter pour nous donner une vie convenable.<br>J&#8217;ai toujours beaucoup de souvenirs merveilleux grav\u00e9s dans le creux le plus profond de mon c\u0153ur. Maintenant quand je ferme mes yeux, je peux m&#8217;imaginer respirant l&#8217;air de libert\u00e9, l&#8217;air de mon pays. La vie est intol\u00e9rable et injuste.<br>Il avait toujours l&#8217;habitude de dire : &#8220;vivre au Liban ressemble \u00e0 la respiration de l&#8217;air. Sans cela, je ne pourrais continuer ma vie&#8221;. Il n&#8217;a jamais pens\u00e9 qu&#8217;il prendrait une telle d\u00e9cision et partirait.<br>Malheureusement, ce jour est venu et il a d\u00fb partir en France. Pour lui, la capacit\u00e9 de surmonter les obstacles est une valeur forte.<br>Comme nous le savons, nous sommes tous des \u00eatres humains et nous pouvons \u00eatre d\u00e9faits par les probl\u00e8mes de ces soci\u00e9t\u00e9s mat\u00e9rialistes.<br>Quand je regarde mon p\u00e8re, je peux seulement me demander ce qu&#8217;il ressent.<br>Je pense que personne ne peut partager la douleur si on n\u2019a pas v\u00e9cu la m\u00eame situation.<br>Il est dur de reb\u00e2tir toute une vie encore une fois. Il est douloureux de vivre dans un environnement diff\u00e9rent et avoir \u00e0 s&#8217;int\u00e9grer dans un mode de vie et une civilisation tout diff\u00e9rente de la n\u00f4tre.<\/p>\n","protected":false},"excerpt":{"rendered":"<p>Chaque personne ouvre ses yeux dans un coin du monde. Le mien s\u2019appelle le Liban.C&#8217;\u00e9tait beaucoup plus qu&#8217;un pays normal, c&#8217;\u00e9tait le paradis sur terre. Je suis n\u00e9e l\u00e0-bas ; mon p\u00e8re et ma&#46;&#46;&#46;<\/p>\n","protected":false},"author":1,"featured_media":0,"comment_status":"closed","ping_status":"closed","sticky":false,"template":"","format":"standard","meta":{"_crdt_document":"","footnotes":""},"categories":[7,13],"tags":[458,82,1143],"class_list":["post-966","post","type-post","status-publish","format-standard","hentry","category-voyage","category-traditions-et-legendes","tag-exil","tag-liban","tag-patriotisme"],"jetpack_featured_media_url":"","_links":{"self":[{"href":"https:\/\/grenierdecourbevoie.fr\/index.php\/wp-json\/wp\/v2\/posts\/966","targetHints":{"allow":["GET"]}}],"collection":[{"href":"https:\/\/grenierdecourbevoie.fr\/index.php\/wp-json\/wp\/v2\/posts"}],"about":[{"href":"https:\/\/grenierdecourbevoie.fr\/index.php\/wp-json\/wp\/v2\/types\/post"}],"author":[{"embeddable":true,"href":"https:\/\/grenierdecourbevoie.fr\/index.php\/wp-json\/wp\/v2\/users\/1"}],"replies":[{"embeddable":true,"href":"https:\/\/grenierdecourbevoie.fr\/index.php\/wp-json\/wp\/v2\/comments?post=966"}],"version-history":[{"count":1,"href":"https:\/\/grenierdecourbevoie.fr\/index.php\/wp-json\/wp\/v2\/posts\/966\/revisions"}],"predecessor-version":[{"id":967,"href":"https:\/\/grenierdecourbevoie.fr\/index.php\/wp-json\/wp\/v2\/posts\/966\/revisions\/967"}],"wp:attachment":[{"href":"https:\/\/grenierdecourbevoie.fr\/index.php\/wp-json\/wp\/v2\/media?parent=966"}],"wp:term":[{"taxonomy":"category","embeddable":true,"href":"https:\/\/grenierdecourbevoie.fr\/index.php\/wp-json\/wp\/v2\/categories?post=966"},{"taxonomy":"post_tag","embeddable":true,"href":"https:\/\/grenierdecourbevoie.fr\/index.php\/wp-json\/wp\/v2\/tags?post=966"}],"curies":[{"name":"wp","href":"https:\/\/api.w.org\/{rel}","templated":true}]}}