{"id":981,"date":"2022-11-06T18:20:18","date_gmt":"2022-11-06T17:20:18","guid":{"rendered":"http:\/\/grenierdecourbevoie.fr\/?p=981"},"modified":"2023-12-18T14:18:07","modified_gmt":"2023-12-18T13:18:07","slug":"passion-guitare","status":"publish","type":"post","link":"https:\/\/grenierdecourbevoie.fr\/index.php\/2022\/11\/06\/passion-guitare\/","title":{"rendered":"Passion Guitare"},"content":{"rendered":"\n<p class=\"wp-block-paragraph\">\u00ab&nbsp;La passion est le seul sentiment qui ne souffre ni pass\u00e9 ni avenir.&nbsp;\u00bb Cette citation d\u00e9crit la vie que mon p\u00e8re a men\u00e9e.<\/p>\n\n\n\n<p class=\"wp-block-paragraph\">Tout commence en 1952 lors de sa naissance en Uruguay et o\u00f9 il allait \u00e0 l\u2019\u00e9cole comme chaque enfant. A 12 ans il re\u00e7ut de son fr\u00e8re, sa premi\u00e8re guitare qui marquera le d\u00e9but de son histoire.<\/p>\n\n\n\n<p class=\"wp-block-paragraph\">A cette \u00e9poque tout \u00e9tait interdit, avec un couvre-feu en raison des r\u00e9volutionnaires qui luttaient pour un \u00e9tat plus juste.<\/p>\n\n\n\n<p class=\"wp-block-paragraph\">Ainsi, il ne pouvait pas \u00e0 cause de la dictature s&#8217;\u00e9panouir en tant que musicien, il risquait \u00e0 tout moment de se faire prendre par la police.<\/p>\n\n\n\n<p class=\"wp-block-paragraph\">A 16 ans, il quitte donc l\u2019\u00e9cole puis, \u00e0 22 ans, il quitte son pays afin de vivre de sa passion.&nbsp;<\/p>\n\n\n\n<p class=\"wp-block-paragraph\">Il se rendra d\u2019abord au Br\u00e9sil en voiture avec sa femme uruguayenne en voiture puis du Br\u00e9sil vers le Portugal. Le voyage aura dur\u00e9 3 semaines.&nbsp;<\/p>\n\n\n\n<p class=\"wp-block-paragraph\">Ce f\u00fbt une tr\u00e8s grande aventure d\u2019autant plus qu\u2019\u00e0 cause d\u2019une crise d&#8217;asthme&nbsp;tr\u00e8s grave, il respirait tr\u00e8s difficilement. Heureusement, comme il \u00e9tait jeune il s&#8217;en est remis.&nbsp;<\/p>\n\n\n\n<p class=\"wp-block-paragraph\">Durant cette nouvelle vie, il faisait la manche devant les restaurants ainsi que dans les transports en commun. C&#8217;est comme cela qu&#8217;il a pu se nourrir et s&#8217;habiller. Dans un premier temps il a \u00e9t\u00e9 h\u00e9berg\u00e9 chez un ami puis \u00e0 l&#8217;h\u00f4tel. Il r\u00e9ussissait malgr\u00e9 tout \u00e0 gagner assez d\u2019argent pour entretenir sa femme et sa fille qui allait na\u00eetre l\u00e0-bas&#8230;<\/p>\n\n\n\n<p class=\"wp-block-paragraph\">A 25 ans, il est parti vivre \u00e0 Amsterdam dans des squats, un mouvement pratiqu\u00e9 par des jeunes artistes&nbsp;sans revenus suffisants qui consiste \u00e0 occuper un immeuble vide laiss\u00e9 \u00e0 l\u2019abandon. Puis, avec le temps, il se fera conna\u00eetre dans le monde artistique. Par la suite il rentrera en France et rencontrera ma m\u00e8re lors d\u2019un de ses concerts au milieu des ann\u00e9es 90. Ils auront ma s\u0153ur en 1997 et moi en 2004.<\/p>\n\n\n\n<p class=\"wp-block-paragraph\">Il a toujours v\u00e9cu de la musique en \u00e9tant musicien et avant ma naissance il est aussi devenu professeur de guitare.&nbsp;<\/p>\n\n\n\n<p class=\"wp-block-paragraph\">Aujourd\u2019hui il est ind\u00e9pendant et donne toujours des cours \u00e0 domicile et dans une \u00e9cole \u00e0 Paris. Comme quoi, rares sont les personnes qui vivent de leur passion et on aime bien se rappeler que c\u2019est l\u2019un des seuls \u00e0 avoir r\u00e9ussi \u00e0 vivre ainsi. On pense que pour combler la perte de sa m\u00e8re, d\u00e9c\u00e9d\u00e9e \u00e0 12 ans et ayant des difficult\u00e9s dans les \u00e9tudes, il a d\u00e9cid\u00e9 de vivre de sa passion.<\/p>\n","protected":false},"excerpt":{"rendered":"<p>\u00ab&nbsp;La passion est le seul sentiment qui ne souffre ni pass\u00e9 ni avenir.&nbsp;\u00bb Cette citation d\u00e9crit la vie que mon p\u00e8re a men\u00e9e. Tout commence en 1952 lors de sa naissance en Uruguay et&#46;&#46;&#46;<\/p>\n","protected":false},"author":1,"featured_media":0,"comment_status":"closed","ping_status":"closed","sticky":false,"template":"","format":"standard","meta":{"_crdt_document":"","footnotes":""},"categories":[7,29],"tags":[807,338,1156,671,1154,1153,800,176,1155],"class_list":["post-981","post","type-post","status-publish","format-standard","hentry","category-voyage","category-musique","tag-bresil","tag-danger","tag-dictature","tag-guitare","tag-musicien","tag-musique","tag-paris","tag-pauvrete","tag-uruguay"],"jetpack_featured_media_url":"","_links":{"self":[{"href":"https:\/\/grenierdecourbevoie.fr\/index.php\/wp-json\/wp\/v2\/posts\/981","targetHints":{"allow":["GET"]}}],"collection":[{"href":"https:\/\/grenierdecourbevoie.fr\/index.php\/wp-json\/wp\/v2\/posts"}],"about":[{"href":"https:\/\/grenierdecourbevoie.fr\/index.php\/wp-json\/wp\/v2\/types\/post"}],"author":[{"embeddable":true,"href":"https:\/\/grenierdecourbevoie.fr\/index.php\/wp-json\/wp\/v2\/users\/1"}],"replies":[{"embeddable":true,"href":"https:\/\/grenierdecourbevoie.fr\/index.php\/wp-json\/wp\/v2\/comments?post=981"}],"version-history":[{"count":2,"href":"https:\/\/grenierdecourbevoie.fr\/index.php\/wp-json\/wp\/v2\/posts\/981\/revisions"}],"predecessor-version":[{"id":1222,"href":"https:\/\/grenierdecourbevoie.fr\/index.php\/wp-json\/wp\/v2\/posts\/981\/revisions\/1222"}],"wp:attachment":[{"href":"https:\/\/grenierdecourbevoie.fr\/index.php\/wp-json\/wp\/v2\/media?parent=981"}],"wp:term":[{"taxonomy":"category","embeddable":true,"href":"https:\/\/grenierdecourbevoie.fr\/index.php\/wp-json\/wp\/v2\/categories?post=981"},{"taxonomy":"post_tag","embeddable":true,"href":"https:\/\/grenierdecourbevoie.fr\/index.php\/wp-json\/wp\/v2\/tags?post=981"}],"curies":[{"name":"wp","href":"https:\/\/api.w.org\/{rel}","templated":true}]}}