{"id":983,"date":"2022-11-06T18:21:32","date_gmt":"2022-11-06T17:21:32","guid":{"rendered":"http:\/\/grenierdecourbevoie.fr\/?p=983"},"modified":"2022-11-06T18:21:33","modified_gmt":"2022-11-06T17:21:33","slug":"mineur-de-fond","status":"publish","type":"post","link":"https:\/\/grenierdecourbevoie.fr\/index.php\/2022\/11\/06\/mineur-de-fond\/","title":{"rendered":"Mineur de fond"},"content":{"rendered":"\n<p class=\"wp-block-paragraph\">Cette histoire se passe dans les ann\u00e9es 1970. Mon grand-p\u00e8re paternel, mineur de fond, immigr\u00e9 italien travaille dans une mine de charbon en Lorraine.<\/p>\n\n\n\n<p class=\"wp-block-paragraph\">Un jour de travail comme les autres, la mine dans laquelle il travaillait s\u2019effondre. Il sera gravement bless\u00e9 dans cet accident et restera trois mois \u00e0 l\u2019h\u00f4pital. Cela aura beaucoup d\u2019incidence sur la vie de ma famille car le salaire de mon grand-p\u00e8re \u00e9tait leur seul revenu \u00e0 cette \u00e9poque.<\/p>\n\n\n\n<p class=\"wp-block-paragraph\">De plus, cet accident aura des r\u00e9percutions extr\u00eamement importantes sur la sant\u00e9 de mon grand-p\u00e8re, le rendant grandement handicap\u00e9 et l\u2019emp\u00eachant de travailler de nouveau. Il sera reconnu handicap\u00e9 \u00e0 100 % apr\u00e8s de nombreuses ann\u00e9es \u00e0 passer des examens m\u00e9dicaux \u00e9prouvants.<\/p>\n","protected":false},"excerpt":{"rendered":"<p>Cette histoire se passe dans les ann\u00e9es 1970. Mon grand-p\u00e8re paternel, mineur de fond, immigr\u00e9 italien travaille dans une mine de charbon en Lorraine. Un jour de travail comme les autres, la mine dans&#46;&#46;&#46;<\/p>\n","protected":false},"author":1,"featured_media":0,"comment_status":"closed","ping_status":"closed","sticky":false,"template":"","format":"standard","meta":{"_crdt_document":"","footnotes":""},"categories":[15,7,28],"tags":[783,132,136],"class_list":["post-983","post","type-post","status-publish","format-standard","hentry","category-accidents","category-voyage","category-travail","tag-handicap","tag-italie","tag-mineur"],"jetpack_featured_media_url":"","_links":{"self":[{"href":"https:\/\/grenierdecourbevoie.fr\/index.php\/wp-json\/wp\/v2\/posts\/983","targetHints":{"allow":["GET"]}}],"collection":[{"href":"https:\/\/grenierdecourbevoie.fr\/index.php\/wp-json\/wp\/v2\/posts"}],"about":[{"href":"https:\/\/grenierdecourbevoie.fr\/index.php\/wp-json\/wp\/v2\/types\/post"}],"author":[{"embeddable":true,"href":"https:\/\/grenierdecourbevoie.fr\/index.php\/wp-json\/wp\/v2\/users\/1"}],"replies":[{"embeddable":true,"href":"https:\/\/grenierdecourbevoie.fr\/index.php\/wp-json\/wp\/v2\/comments?post=983"}],"version-history":[{"count":1,"href":"https:\/\/grenierdecourbevoie.fr\/index.php\/wp-json\/wp\/v2\/posts\/983\/revisions"}],"predecessor-version":[{"id":984,"href":"https:\/\/grenierdecourbevoie.fr\/index.php\/wp-json\/wp\/v2\/posts\/983\/revisions\/984"}],"wp:attachment":[{"href":"https:\/\/grenierdecourbevoie.fr\/index.php\/wp-json\/wp\/v2\/media?parent=983"}],"wp:term":[{"taxonomy":"category","embeddable":true,"href":"https:\/\/grenierdecourbevoie.fr\/index.php\/wp-json\/wp\/v2\/categories?post=983"},{"taxonomy":"post_tag","embeddable":true,"href":"https:\/\/grenierdecourbevoie.fr\/index.php\/wp-json\/wp\/v2\/tags?post=983"}],"curies":[{"name":"wp","href":"https:\/\/api.w.org\/{rel}","templated":true}]}}