{"id":995,"date":"2022-11-06T18:32:48","date_gmt":"2022-11-06T17:32:48","guid":{"rendered":"http:\/\/grenierdecourbevoie.fr\/?p=995"},"modified":"2022-11-06T18:32:49","modified_gmt":"2022-11-06T17:32:49","slug":"panique-aux-toilettes","status":"publish","type":"post","link":"https:\/\/grenierdecourbevoie.fr\/index.php\/2022\/11\/06\/panique-aux-toilettes\/","title":{"rendered":"Panique aux toilettes"},"content":{"rendered":"\n<p class=\"wp-block-paragraph\">Mon jumeau et moi avions 2 ou 3 ans, et notre grand-m\u00e8re nous gardait. Elle d\u00e9cida de s\u2019\u00e9clipser aux toilettes. Quelques secondes plus tard, elle entendit la porte se verrouiller en m\u00eame temps que nos \u00e9clats de rire.<\/p>\n\n\n\n<p class=\"wp-block-paragraph\">Je l\u2019avais enferm\u00e9e gr\u00e2ce \u00e0 la cl\u00e9 que mes parents laissaient \u00e0 l\u2019ext\u00e9rieur des toilettes au cas o\u00f9 nous nous enfermerions.<\/p>\n\n\n\n<p class=\"wp-block-paragraph\">Ma grand-m\u00e8re a \u00e9t\u00e9 prise de panique, lorsqu\u2019elle s\u2019est souvenue que la baie vitr\u00e9e du balcon \u00e9tait grande ouverte, que nous avions un acc\u00e8s total \u00e0 la cuisini\u00e8re\u2026 Elle avait peur qu\u2019une catastrophe arrive car nous \u00e9tions sans surveillance. A un moment, elle s\u2019est souvenue que mes parents laissaient un double des cl\u00e9s des toilettes \u00e0 l\u2019int\u00e9rieur. C\u2019est comme \u00e7a qu\u2019elle a r\u00e9ussi \u00e0 sortir.<\/p>\n\n\n\n<p class=\"wp-block-paragraph\">Heureusement il ne nous \u00e9tait rien arriv\u00e9. Quand mes parents sont rentr\u00e9s, ma grand-m\u00e8re leur a \u00e9videmment racont\u00e9. Et lorsque mes parents nous ont demand\u00e9 lequel de nous deux avait fait le coup, mon fr\u00e8re disait \u00ab C\u2019EST THEO !!! \u00bb sur un ton moqueur et fier. Moi je disais&nbsp;: \u00ab C\u2019est pas moi\u2026 \u00bb. Mes parents ont donc vite compris qu\u2019il s\u2019agissait bel et bien de moi.<\/p>\n\n\n\n<p class=\"wp-block-paragraph\">C\u2019est une histoire qu\u2019ils racontent d\u00e8s que nous sommes r\u00e9unis avec toute notre famille et qui les fait toujours rire.<\/p>\n","protected":false},"excerpt":{"rendered":"<p>Mon jumeau et moi avions 2 ou 3 ans, et notre grand-m\u00e8re nous gardait. Elle d\u00e9cida de s\u2019\u00e9clipser aux toilettes. Quelques secondes plus tard, elle entendit la porte se verrouiller en m\u00eame temps que&#46;&#46;&#46;<\/p>\n","protected":false},"author":1,"featured_media":0,"comment_status":"closed","ping_status":"closed","sticky":false,"template":"","format":"standard","meta":{"_crdt_document":"","footnotes":""},"categories":[15,9],"tags":[662,309,1175],"class_list":["post-995","post","type-post","status-publish","format-standard","hentry","category-accidents","category-enfance","tag-betise","tag-prisonnier","tag-toilettes"],"jetpack_featured_media_url":"","_links":{"self":[{"href":"https:\/\/grenierdecourbevoie.fr\/index.php\/wp-json\/wp\/v2\/posts\/995","targetHints":{"allow":["GET"]}}],"collection":[{"href":"https:\/\/grenierdecourbevoie.fr\/index.php\/wp-json\/wp\/v2\/posts"}],"about":[{"href":"https:\/\/grenierdecourbevoie.fr\/index.php\/wp-json\/wp\/v2\/types\/post"}],"author":[{"embeddable":true,"href":"https:\/\/grenierdecourbevoie.fr\/index.php\/wp-json\/wp\/v2\/users\/1"}],"replies":[{"embeddable":true,"href":"https:\/\/grenierdecourbevoie.fr\/index.php\/wp-json\/wp\/v2\/comments?post=995"}],"version-history":[{"count":1,"href":"https:\/\/grenierdecourbevoie.fr\/index.php\/wp-json\/wp\/v2\/posts\/995\/revisions"}],"predecessor-version":[{"id":996,"href":"https:\/\/grenierdecourbevoie.fr\/index.php\/wp-json\/wp\/v2\/posts\/995\/revisions\/996"}],"wp:attachment":[{"href":"https:\/\/grenierdecourbevoie.fr\/index.php\/wp-json\/wp\/v2\/media?parent=995"}],"wp:term":[{"taxonomy":"category","embeddable":true,"href":"https:\/\/grenierdecourbevoie.fr\/index.php\/wp-json\/wp\/v2\/categories?post=995"},{"taxonomy":"post_tag","embeddable":true,"href":"https:\/\/grenierdecourbevoie.fr\/index.php\/wp-json\/wp\/v2\/tags?post=995"}],"curies":[{"name":"wp","href":"https:\/\/api.w.org\/{rel}","templated":true}]}}