{"id":997,"date":"2022-11-06T18:33:56","date_gmt":"2022-11-06T17:33:56","guid":{"rendered":"http:\/\/grenierdecourbevoie.fr\/?p=997"},"modified":"2022-11-06T18:33:57","modified_gmt":"2022-11-06T17:33:57","slug":"les-dents-de-ma-mere","status":"publish","type":"post","link":"https:\/\/grenierdecourbevoie.fr\/index.php\/2022\/11\/06\/les-dents-de-ma-mere\/","title":{"rendered":"Les dents de ma m\u00e8re"},"content":{"rendered":"\n<p class=\"wp-block-paragraph\">Quand j&#8217;avais six ans, j&#8217;avais un livre intitul\u00e9 Canine, la f\u00e9e des dents.<\/p>\n\n\n\n<p class=\"wp-block-paragraph\">\u00c0 l&#8217;int\u00e9rieur se trouvait une petite poche transparente et \u00e0 chaque fois que je perdais une dent de lait, ma m\u00e8re la mettait dedans.<\/p>\n\n\n\n<p class=\"wp-block-paragraph\">Un jour, comme le livre se trouvait \u00e0 c\u00f4t\u00e9 de mon lit j\u2019ai voulu v\u00e9rifier si les f\u00e9es avaient bien pris mes dents de lait et j\u2019ai \u00e9t\u00e9 tr\u00e8s d\u00e9\u00e7ue quand ma m\u00e8re, elle-m\u00eame, m\u2019a expliqu\u00e9 qu&#8217;elle les avait jet\u00e9es.<\/p>\n","protected":false},"excerpt":{"rendered":"<p>Quand j&#8217;avais six ans, j&#8217;avais un livre intitul\u00e9 Canine, la f\u00e9e des dents. \u00c0 l&#8217;int\u00e9rieur se trouvait une petite poche transparente et \u00e0 chaque fois que je perdais une dent de lait, ma m\u00e8re&#46;&#46;&#46;<\/p>\n","protected":false},"author":1,"featured_media":0,"comment_status":"closed","ping_status":"closed","sticky":false,"template":"","format":"standard","meta":{"_crdt_document":"","footnotes":""},"categories":[9,13],"tags":[1087,1176],"class_list":["post-997","post","type-post","status-publish","format-standard","hentry","category-enfance","category-traditions-et-legendes","tag-dent","tag-fee"],"jetpack_featured_media_url":"","_links":{"self":[{"href":"https:\/\/grenierdecourbevoie.fr\/index.php\/wp-json\/wp\/v2\/posts\/997","targetHints":{"allow":["GET"]}}],"collection":[{"href":"https:\/\/grenierdecourbevoie.fr\/index.php\/wp-json\/wp\/v2\/posts"}],"about":[{"href":"https:\/\/grenierdecourbevoie.fr\/index.php\/wp-json\/wp\/v2\/types\/post"}],"author":[{"embeddable":true,"href":"https:\/\/grenierdecourbevoie.fr\/index.php\/wp-json\/wp\/v2\/users\/1"}],"replies":[{"embeddable":true,"href":"https:\/\/grenierdecourbevoie.fr\/index.php\/wp-json\/wp\/v2\/comments?post=997"}],"version-history":[{"count":1,"href":"https:\/\/grenierdecourbevoie.fr\/index.php\/wp-json\/wp\/v2\/posts\/997\/revisions"}],"predecessor-version":[{"id":998,"href":"https:\/\/grenierdecourbevoie.fr\/index.php\/wp-json\/wp\/v2\/posts\/997\/revisions\/998"}],"wp:attachment":[{"href":"https:\/\/grenierdecourbevoie.fr\/index.php\/wp-json\/wp\/v2\/media?parent=997"}],"wp:term":[{"taxonomy":"category","embeddable":true,"href":"https:\/\/grenierdecourbevoie.fr\/index.php\/wp-json\/wp\/v2\/categories?post=997"},{"taxonomy":"post_tag","embeddable":true,"href":"https:\/\/grenierdecourbevoie.fr\/index.php\/wp-json\/wp\/v2\/tags?post=997"}],"curies":[{"name":"wp","href":"https:\/\/api.w.org\/{rel}","templated":true}]}}